{"id":992,"date":"2012-02-28T22:15:06","date_gmt":"2012-02-28T22:15:06","guid":{"rendered":"http:\/\/www.cala-kocht.de\/?p=992"},"modified":"2012-02-28T22:32:09","modified_gmt":"2012-02-28T22:32:09","slug":"geschichteter-linsensalat-im-weck-glas","status":"publish","type":"post","link":"https:\/\/www.cala-kocht.de\/?p=992","title":{"rendered":"Geschichteter Linsensalat im WECK-Glas"},"content":{"rendered":"<p><a href=\"http:\/\/www.cala-kocht.de\/wp-content\/uploads\/2012\/02\/120228_Linsen.jpg\"><img loading=\"lazy\" decoding=\"async\" class=\"alignnone size-full wp-image-993\" title=\"120228_Linsen\" src=\"http:\/\/www.cala-kocht.de\/wp-content\/uploads\/2012\/02\/120228_Linsen.jpg\" alt=\"\" width=\"835\" height=\"626\" srcset=\"https:\/\/www.cala-kocht.de\/wp-content\/uploads\/2012\/02\/120228_Linsen.jpg 835w, https:\/\/www.cala-kocht.de\/wp-content\/uploads\/2012\/02\/120228_Linsen-300x224.jpg 300w\" sizes=\"(max-width: 835px) 100vw, 835px\" \/><\/a><\/p>\n<p>Ich wei\u00df, dass Gem\u00fcse besonders gesund ist, wenn es roh gegessen wird. Trotzdem werde ich wohl nie ein Rohkostfanatiker werden. Aber ich achte schon darauf, Gem\u00fcse nicht nur im gekochen Zustand zu essen, sondern auch roh zu verarbeiten. Dieser Salat wird ganz sicher, einer meiner Lieblinge werden.<\/p>\n<p><strong>Zutaten<\/strong> (f\u00fcr eine Portion):<br \/>\nbraune Linsen (ich nehme unsere braunen Linsen aus der Toskana)<br \/>\nZucchini<br \/>\nKarotte(n)<br \/>\nBalsamicoessig (ich nehme unseren 4 Jahre alten Aceto Balsamico)<br \/>\nCamelina\u00f6l<br \/>\nSalz, Pfeffer (ich verwende Tellichery-Pfeffer)<\/p>\n<p>Linsen waschen und in Wasser ohne Salz kochen. Dabei bitte die Packungsanweisung beachten, die meisten Linsen brauchen 10-15 min.<\/p>\n<p>Inzwischen die Karotten sch\u00e4len, erst in Scheiben, dann in W\u00fcrfel schneiden.<br \/>\nZucchini waschen und ebenfalls erst entscheiden, dann in W\u00fcrfel schneiden.<\/p>\n<p>Die gekochten Linsen in eine Sch\u00fcssel geben und etwas abk\u00fchlen lassen. 2 Essl\u00f6ffel Balsamicoessig und einen Essl\u00f6ffel Camelina\u00f6l hinzugeben und mit Salz und Pfeffer abschmecken.<\/p>\n<p>Gem\u00fcsew\u00fcrfel und Linsen immer abwechselnd in ein WECK-Glas schichten &#8211; die letzte Schicht sollten Linsen sein.<\/p>\n<p>Das Gem\u00fcse wird \u00fcberhaupt nicht gew\u00fcrzt, die Marinade von den Linsen reicht vollkommen &#8211; die Kombination ist richtig lecker! Mit aufgesetztem Glasdeckel und Klammern ist der Salat auch ein ideales Gericht zu Mitnehmen.<\/p>\n<p><a href=\"http:\/\/www.cala-kocht.de\/wp-content\/uploads\/2012\/02\/120228_linsen_2.jpg\"><img loading=\"lazy\" decoding=\"async\" class=\"alignnone size-full wp-image-994\" title=\"120228_linsen_2\" src=\"http:\/\/www.cala-kocht.de\/wp-content\/uploads\/2012\/02\/120228_linsen_2.jpg\" alt=\"\" width=\"835\" height=\"626\" srcset=\"https:\/\/www.cala-kocht.de\/wp-content\/uploads\/2012\/02\/120228_linsen_2.jpg 835w, https:\/\/www.cala-kocht.de\/wp-content\/uploads\/2012\/02\/120228_linsen_2-300x224.jpg 300w\" sizes=\"(max-width: 835px) 100vw, 835px\" \/><\/a><\/p>\n","protected":false},"excerpt":{"rendered":"<p>Ich wei\u00df, dass Gem\u00fcse besonders gesund ist, wenn es roh gegessen wird. Trotzdem werde ich wohl nie ein Rohkostfanatiker werden. Aber ich achte schon darauf, Gem\u00fcse nicht nur im gekochen Zustand zu essen, sondern auch roh zu verarbeiten. Dieser Salat wird ganz sicher, einer meiner Lieblinge werden. Zutaten (f\u00fcr eine Portion): braune Linsen (ich nehme unsere braunen Linsen aus der Toskana) Zucchini Karotte(n) Balsamicoessig (ich nehme unseren 4 Jahre alten Aceto Balsamico) Camelina\u00f6l Salz, Pfeffer (ich verwende Tellichery-Pfeffer) Linsen waschen und in Wasser ohne Salz kochen. Dabei bitte die Packungsanweisung beachten, die meisten Linsen brauchen 10-15 min. Inzwischen die Karotten sch\u00e4len, erst in Scheiben, dann in W\u00fcrfel schneiden. Zucchini waschen und ebenfalls erst entscheiden, dann in W\u00fcrfel schneiden. Die gekochten Linsen in eine Sch\u00fcssel geben und etwas abk\u00fchlen lassen. 2 Essl\u00f6ffel Balsamicoessig und einen Essl\u00f6ffel Camelina\u00f6l hinzugeben und mit Salz und Pfeffer abschmecken. Gem\u00fcsew\u00fcrfel und Linsen immer abwechselnd in ein WECK-Glas schichten &#8211; die letzte Schicht sollten Linsen sein. Das Gem\u00fcse wird \u00fcberhaupt nicht gew\u00fcrzt, die Marinade von den Linsen reicht vollkommen &#8211; die Kombination &hellip;<\/p>\n","protected":false},"author":3,"featured_media":0,"comment_status":"open","ping_status":"open","sticky":false,"template":"","format":"standard","meta":{"jetpack_post_was_ever_published":false,"_jetpack_newsletter_access":"","_jetpack_dont_email_post_to_subs":false,"_jetpack_newsletter_tier_id":0,"footnotes":"","jetpack_publicize_message":"","jetpack_publicize_feature_enabled":true,"jetpack_social_post_already_shared":false,"jetpack_social_options":{"image_generator_settings":{"template":"highway","enabled":false}}},"categories":[3],"tags":[],"jetpack_publicize_connections":[],"jetpack_featured_media_url":"","jetpack_sharing_enabled":true,"jetpack_shortlink":"https:\/\/wp.me\/p5wr8k-g0","_links":{"self":[{"href":"https:\/\/www.cala-kocht.de\/index.php?rest_route=\/wp\/v2\/posts\/992"}],"collection":[{"href":"https:\/\/www.cala-kocht.de\/index.php?rest_route=\/wp\/v2\/posts"}],"about":[{"href":"https:\/\/www.cala-kocht.de\/index.php?rest_route=\/wp\/v2\/types\/post"}],"author":[{"embeddable":true,"href":"https:\/\/www.cala-kocht.de\/index.php?rest_route=\/wp\/v2\/users\/3"}],"replies":[{"embeddable":true,"href":"https:\/\/www.cala-kocht.de\/index.php?rest_route=%2Fwp%2Fv2%2Fcomments&post=992"}],"version-history":[{"count":6,"href":"https:\/\/www.cala-kocht.de\/index.php?rest_route=\/wp\/v2\/posts\/992\/revisions"}],"predecessor-version":[{"id":997,"href":"https:\/\/www.cala-kocht.de\/index.php?rest_route=\/wp\/v2\/posts\/992\/revisions\/997"}],"wp:attachment":[{"href":"https:\/\/www.cala-kocht.de\/index.php?rest_route=%2Fwp%2Fv2%2Fmedia&parent=992"}],"wp:term":[{"taxonomy":"category","embeddable":true,"href":"https:\/\/www.cala-kocht.de\/index.php?rest_route=%2Fwp%2Fv2%2Fcategories&post=992"},{"taxonomy":"post_tag","embeddable":true,"href":"https:\/\/www.cala-kocht.de\/index.php?rest_route=%2Fwp%2Fv2%2Ftags&post=992"}],"curies":[{"name":"wp","href":"https:\/\/api.w.org\/{rel}","templated":true}]}}