{"id":6876,"date":"2019-10-15T16:28:55","date_gmt":"2019-10-15T16:28:55","guid":{"rendered":"https:\/\/www.cala-kocht.de\/?p=6876"},"modified":"2019-10-15T16:31:42","modified_gmt":"2019-10-15T16:31:42","slug":"frankfurts-outback-preisgekroent-das-neue-heft-rhein-main-geht-aus-2020-ist-da","status":"publish","type":"post","link":"https:\/\/www.cala-kocht.de\/?p=6876","title":{"rendered":"Frankfurts Outback preisgekr\u00f6nt &#8211; das neue Heft &#8222;Rhein-Main geht aus 2020&#8220; ist da"},"content":{"rendered":"<p>Dieser Beitrag enth\u00e4lt Werbung<br \/>\n<a href=\"https:\/\/www.cala-kocht.de\/wp-content\/uploads\/2019\/10\/Beitrag_RMGA_Mood_01.jpg\"><img loading=\"lazy\" decoding=\"async\" class=\"alignnone wp-image-6893 size-full\" src=\"https:\/\/www.cala-kocht.de\/wp-content\/uploads\/2019\/10\/Beitrag_RMGA_Mood_01.jpg\" alt=\"\" width=\"2000\" height=\"1335\" srcset=\"https:\/\/www.cala-kocht.de\/wp-content\/uploads\/2019\/10\/Beitrag_RMGA_Mood_01.jpg 2000w, https:\/\/www.cala-kocht.de\/wp-content\/uploads\/2019\/10\/Beitrag_RMGA_Mood_01-300x200.jpg 300w, https:\/\/www.cala-kocht.de\/wp-content\/uploads\/2019\/10\/Beitrag_RMGA_Mood_01-768x513.jpg 768w, https:\/\/www.cala-kocht.de\/wp-content\/uploads\/2019\/10\/Beitrag_RMGA_Mood_01-1024x684.jpg 1024w, https:\/\/www.cala-kocht.de\/wp-content\/uploads\/2019\/10\/Beitrag_RMGA_Mood_01-840x560.jpg 840w, https:\/\/www.cala-kocht.de\/wp-content\/uploads\/2019\/10\/Beitrag_RMGA_Mood_01-1200x800.jpg 1200w\" sizes=\"(max-width: 2000px) 100vw, 2000px\" \/><\/a><\/p>\n<p>Einmal im Jahr l\u00e4dt die Redaktion von Journal Frankfurt ins Medienhaus um die Preistr\u00e4ger der &#8222;Peripherie&#8220; vorzustellen: die Restaurants aus dem Umland von Frankfurt, die es als Empfehlung ins neue Heft von Rhein-Main geht aus geschafft haben.<\/p>\n<p><a href=\"https:\/\/www.cala-kocht.de\/wp-content\/uploads\/2019\/10\/rmga_pk.jpg\"><img loading=\"lazy\" decoding=\"async\" class=\"alignnone size-full wp-image-6877\" src=\"https:\/\/www.cala-kocht.de\/wp-content\/uploads\/2019\/10\/rmga_pk.jpg\" alt=\"\" width=\"6016\" height=\"4016\" srcset=\"https:\/\/www.cala-kocht.de\/wp-content\/uploads\/2019\/10\/rmga_pk.jpg 6016w, https:\/\/www.cala-kocht.de\/wp-content\/uploads\/2019\/10\/rmga_pk-300x200.jpg 300w, https:\/\/www.cala-kocht.de\/wp-content\/uploads\/2019\/10\/rmga_pk-768x513.jpg 768w, https:\/\/www.cala-kocht.de\/wp-content\/uploads\/2019\/10\/rmga_pk-1024x684.jpg 1024w, https:\/\/www.cala-kocht.de\/wp-content\/uploads\/2019\/10\/rmga_pk-840x560.jpg 840w, https:\/\/www.cala-kocht.de\/wp-content\/uploads\/2019\/10\/rmga_pk-1200x800.jpg 1200w\" sizes=\"(max-width: 6016px) 100vw, 6016px\" \/><\/a><br \/>\nIn diesem Jahr sind dies (auf dem Bild oben von links nach rechts)<\/p>\n<p><strong>Restaurant Schwarzenstein<\/strong> (Nils Henkel), Geisenheim<strong><br \/>\n<\/strong>1. Platz in den Kategorien &#8222;Rhein-Main &#8211; Exklusiv&#8220; und &#8222;Rheingau &amp; Rheinhessen &#8211; Die Edlen&#8220;<br \/>\n<strong>Helbigs Gasthaus<\/strong> (Ludger Helbig), Johannesberg<strong><br \/>\n<\/strong>1. Platz in der Kategorie &#8222;Wetterau, Vogelsberg &amp; Spessart &#8211; Die Edlen&#8220;<br \/>\n<strong>GenussWerkstatt<\/strong> (Carl Gr\u00fcnewald), Mainz<br \/>\n1. Platz in der Kategorie &#8222;Wiesbaden &amp; Mainz &#8211; Die Edlen&#8220;<br \/>\n<span style=\"color: #000000;\"><strong>Zum Heiligen Stein<\/strong> (Anto<\/span>nio Branca), Muschenheim<br \/>\n1.\u00a0Platz in der Kategorie &#8222;Wetterau, Vogelsberg &amp; Spessart &#8211; Essen beim Erzeuger&#8220;<br \/>\n<strong>Zwei und Zwanzig<\/strong> (Dirk Schritt), Geisenheim<strong><br \/>\n<\/strong>1. Platz in der Kategorie &#8222;Rhein-Main &#8211; Fleischlos&#8220;<br \/>\n<strong>Das Kr\u00fc<\/strong>\u00a0 (Won Nam Begemann), Darmstadt<strong><br \/>\n<\/strong>1. Platz in der Kategorie &#8222;Darmstadt &#8211; Die Lieblinge&#8220;<br \/>\n<strong>360 Grad<\/strong> (Alexander Hohlwein), Limburg<br \/>\n1. Platz in der Kategorie &#8222;Taunus &#8211; Die Edlen&#8220;<\/p>\n<p>Die Siegerehrung nahm stellvertretend f\u00fcr den erkrankten Jan Paul Stich Bastian Fiebig von JOURNAL FRANKFURT vor (2. von links auf dem Bild oben).<\/p>\n<div id=\"attachment_6880\" style=\"width: 4042px\" class=\"wp-caption alignnone\"><a href=\"https:\/\/www.cala-kocht.de\/wp-content\/uploads\/2019\/10\/IMG_7810.jpg\"><img loading=\"lazy\" decoding=\"async\" aria-describedby=\"caption-attachment-6880\" class=\"wp-image-6880 size-full\" src=\"https:\/\/www.cala-kocht.de\/wp-content\/uploads\/2019\/10\/IMG_7810.jpg\" alt=\"\" width=\"4032\" height=\"3024\" srcset=\"https:\/\/www.cala-kocht.de\/wp-content\/uploads\/2019\/10\/IMG_7810.jpg 4032w, https:\/\/www.cala-kocht.de\/wp-content\/uploads\/2019\/10\/IMG_7810-300x225.jpg 300w, https:\/\/www.cala-kocht.de\/wp-content\/uploads\/2019\/10\/IMG_7810-768x576.jpg 768w, https:\/\/www.cala-kocht.de\/wp-content\/uploads\/2019\/10\/IMG_7810-1024x768.jpg 1024w\" sizes=\"(max-width: 4032px) 100vw, 4032px\" \/><\/a><p id=\"caption-attachment-6880\" class=\"wp-caption-text\">So sch\u00f6n es auch angerichtet ist, es ist mir unverst\u00e4ndlich: Alexander Hohlwein vom 360 Grad (1. Platz Kategorie &#8222;Darmstadt &#8211; die Lieblinge&#8220; serviert immer noch G\u00e4nsestopfleber&#8230; Warum nimmt das kein Ende?<\/p><\/div>\n<p>Nat\u00fcrlich sind alle Restaurants zu Recht und aus gutem Grund ausgezeichnet worden und diese Auszeichung von JOURNAL FRANKFURT ist in der Region auch einiges wert. Viele Restaurants sind &#8222;Dauerbrenner&#8220; und bekommen die Auszeichung jedes Jahr (wobei ich das nicht klein reden m\u00f6chte: man muss sich diese Auszeichnung schlie\u00dflich auch immer wieder verdienen k\u00f6nnen, ohne langweilig zu werden&#8230;)<\/p>\n<div id=\"attachment_6881\" style=\"width: 4042px\" class=\"wp-caption alignnone\"><a style=\"font-family: 'Helvetica Neue', Helvetica, Arial, sans-serif; font-size: 0.8125rem;\" href=\"https:\/\/www.cala-kocht.de\/wp-content\/uploads\/2019\/10\/IMG_7804.jpg\"><img loading=\"lazy\" decoding=\"async\" aria-describedby=\"caption-attachment-6881\" class=\"wp-image-6881 size-full\" src=\"https:\/\/www.cala-kocht.de\/wp-content\/uploads\/2019\/10\/IMG_7804.jpg\" alt=\"\" width=\"4032\" height=\"3024\" srcset=\"https:\/\/www.cala-kocht.de\/wp-content\/uploads\/2019\/10\/IMG_7804.jpg 4032w, https:\/\/www.cala-kocht.de\/wp-content\/uploads\/2019\/10\/IMG_7804-300x225.jpg 300w, https:\/\/www.cala-kocht.de\/wp-content\/uploads\/2019\/10\/IMG_7804-768x576.jpg 768w, https:\/\/www.cala-kocht.de\/wp-content\/uploads\/2019\/10\/IMG_7804-1024x768.jpg 1024w\" sizes=\"(max-width: 4032px) 100vw, 4032px\" \/><\/a><p id=\"caption-attachment-6881\" class=\"wp-caption-text\">Nils Henkel vom Gourmetrestaurant Burg Schwarzenstein in Geisenheim (https:\/\/www.burg-schwarzenstein.de), 1. Platz in den Kategorien &#8222;Rhein-Main &#8211; Exklusiv&#8220; und &#8222;Rheingau &amp; Rheinhessen &#8211; Die Edlen&#8220; pr\u00e4sentierte Rote Garnele, Calamaretti, griechischen Salat und Schafsjoghurt<\/p><\/div>\n<p>Explixit erw\u00e4hnen und vorstellen m\u00f6chte ich hier stellvertretend zwei Restaurants:<\/p>\n<div id=\"attachment_6878\" style=\"width: 4042px\" class=\"wp-caption alignnone\"><a href=\"https:\/\/www.cala-kocht.de\/wp-content\/uploads\/2019\/10\/IMG_7808.jpg\"><img loading=\"lazy\" decoding=\"async\" aria-describedby=\"caption-attachment-6878\" class=\"wp-image-6878 size-full\" src=\"https:\/\/www.cala-kocht.de\/wp-content\/uploads\/2019\/10\/IMG_7808.jpg\" alt=\"\" width=\"4032\" height=\"3024\" srcset=\"https:\/\/www.cala-kocht.de\/wp-content\/uploads\/2019\/10\/IMG_7808.jpg 4032w, https:\/\/www.cala-kocht.de\/wp-content\/uploads\/2019\/10\/IMG_7808-300x225.jpg 300w, https:\/\/www.cala-kocht.de\/wp-content\/uploads\/2019\/10\/IMG_7808-768x576.jpg 768w, https:\/\/www.cala-kocht.de\/wp-content\/uploads\/2019\/10\/IMG_7808-1024x768.jpg 1024w\" sizes=\"(max-width: 4032px) 100vw, 4032px\" \/><\/a><p id=\"caption-attachment-6878\" class=\"wp-caption-text\">aus dem Restaurant &#8222;Zwei und Zwanzig&#8220; 1. Platz in der Kategorie &#8222;Rhein-Main &#8211; Fleischlos&#8220;: Pommes Macaire mit Champignonragout &amp; Estragonschaum<\/p><\/div>\n<p>Das &#8222;<strong>Zwei und Zwanzig<\/strong>&#8220; in Geisenheim (<a href=\"http:\/\/www.zwei-und-zwanzig.de\">www.zwei-und-zwanzig.de<\/a>) hat sich mit fleischlosen Gerichten offensichtlich nicht zu Unrecht einen Namen gemacht: auch auf der Pressekonferenz waren sich viele einig: die Kostprobe, die Dirk Schritt pr\u00e4sentierte, gefiel den Journalisten besonders gut. Und mir gef\u00e4llt daran, dass man sich mit veganem Essen so in die Herzen selbst der kritischen Journalisten kochen kann. Entsprechend wurde das Ehepaar Schritt auch immer wieder nach ihrer Geschichte und dem Hintergrund f\u00fcr den Namen des Restaurants gefragt: &#8222;Zwei&#8220; steht f\u00fcr die zwei Betreiber, Marina und Dirk Schritt, &#8222;Zwanzig&#8220; f\u00fcr die urspr\u00fcnglich 20 Pl\u00e4tze, die das Restaurant zun\u00e4chst hatte und die &#8222;22&#8220; f\u00fcr den Buchstaben V im Alphabet, weil man die Attribute Vegan oder Vegetarisch gar nicht so sehr in den Vordergrund stellen wollte.<\/p>\n<p>\u00dcberrascht haben mich \u00fcbrigens nicht nur das tolle Angebot, sondern auch die sehr moderaten Preise..<\/p>\n<div id=\"attachment_6879\" style=\"width: 4042px\" class=\"wp-caption alignnone\"><a href=\"https:\/\/www.cala-kocht.de\/wp-content\/uploads\/2019\/10\/IMG_7802.jpg\"><img loading=\"lazy\" decoding=\"async\" aria-describedby=\"caption-attachment-6879\" class=\"wp-image-6879 size-full\" src=\"https:\/\/www.cala-kocht.de\/wp-content\/uploads\/2019\/10\/IMG_7802.jpg\" alt=\"\" width=\"4032\" height=\"3024\" srcset=\"https:\/\/www.cala-kocht.de\/wp-content\/uploads\/2019\/10\/IMG_7802.jpg 4032w, https:\/\/www.cala-kocht.de\/wp-content\/uploads\/2019\/10\/IMG_7802-300x225.jpg 300w, https:\/\/www.cala-kocht.de\/wp-content\/uploads\/2019\/10\/IMG_7802-768x576.jpg 768w, https:\/\/www.cala-kocht.de\/wp-content\/uploads\/2019\/10\/IMG_7802-1024x768.jpg 1024w\" sizes=\"(max-width: 4032px) 100vw, 4032px\" \/><\/a><p id=\"caption-attachment-6879\" class=\"wp-caption-text\">Hervorragend zusammengestellt von Ludger Helbig aus Helbigs Gasthaus (Johannesberg) 1. Platz in der Kategorie &#8222;Wetterau, Vogelsberg &amp; Spessart &#8211; Die Edlen&#8220;: Thunfisch &#8211; Erdnuss &#8211; Rettich &#8211; Gurke &#8211; Gingerbeer<\/p><\/div>\n<p><strong>Helbigs Gasthaus<\/strong> (Auberge de Temple, <a href=\"http:\/\/www.auberge-de-temple.de\">www.auberge-de-temple.de<\/a>) ist ein wundersch\u00f6nes, unkonventionell gestaltetes Gasthaus in Johannesberg (oberhalb von Aschaffenburg).<br \/>\nDie Gestaltung der Zimmer ist einzelnen K\u00fcnstlern gewidmet. Angeschlossen sind zwei Restaurants.<br \/>\nIm &#8222;Gasthaus&#8220; isst man etwas &#8222;einfacher&#8220;, im &#8222;Helbig&#8217;s&#8220; etwas gehobener. Interessant sind auch die tollen Arrangements f\u00fcr die Kombi \u00dcbernachtung und Kulinarik, in Kooperation mit Ilka Amrheins Day Spa \u201eHautnah\u201c in Breunsberg gibt es auch ein Wellness-Angebot.<br \/>\nIn der angeschlossenen Kochschule vermittelt Ludger Helbig sein Wissen.<br \/>\n4-Gang-Genussmen\u00fc ab 91 \u20ac, 3-Gang-Gasthaus-Men\u00fc ab 42,60 \u20ac, Vorspeisen \u00e0 la Carte ab 17 \u20ac, Hauptgerichte ab 27 \u20ac.<br \/>\nTipp: Das Men\u00fc &#8222;Twen\u00fc&#8220; richtet sich an junge Goumets unter 30: Aperitif, Gru\u00df aus der K\u00fcche, 3-Gang-Men\u00fc, den passende Wein, Mineralwasser und zum Abschluss Espresso &amp; Co. gibt es f\u00fcr 75 \u20ac pro Person.<\/p>\n<p><a href=\"https:\/\/www.cala-kocht.de\/wp-content\/uploads\/2019\/10\/Beitrag_RMGA_Mood_02.jpg\"><img loading=\"lazy\" decoding=\"async\" class=\"alignnone size-full wp-image-6894\" src=\"https:\/\/www.cala-kocht.de\/wp-content\/uploads\/2019\/10\/Beitrag_RMGA_Mood_02.jpg\" alt=\"\" width=\"2000\" height=\"1335\" srcset=\"https:\/\/www.cala-kocht.de\/wp-content\/uploads\/2019\/10\/Beitrag_RMGA_Mood_02.jpg 2000w, https:\/\/www.cala-kocht.de\/wp-content\/uploads\/2019\/10\/Beitrag_RMGA_Mood_02-300x200.jpg 300w, https:\/\/www.cala-kocht.de\/wp-content\/uploads\/2019\/10\/Beitrag_RMGA_Mood_02-768x513.jpg 768w, https:\/\/www.cala-kocht.de\/wp-content\/uploads\/2019\/10\/Beitrag_RMGA_Mood_02-1024x684.jpg 1024w, https:\/\/www.cala-kocht.de\/wp-content\/uploads\/2019\/10\/Beitrag_RMGA_Mood_02-840x560.jpg 840w, https:\/\/www.cala-kocht.de\/wp-content\/uploads\/2019\/10\/Beitrag_RMGA_Mood_02-1200x800.jpg 1200w\" sizes=\"(max-width: 2000px) 100vw, 2000px\" \/><\/a><\/p>\n<p><strong>Wir verlosen dreimal je ein Exemplar des aktuellen Heftes RHEIN-MAIN GEHT AUS 2020. <\/strong>Hierzu hinterlassen Sie bitte einen Kommentar zu diesem Beitrag und nennen uns Ihr Lieblingsrestaurant au\u00dferhalb Frankfurts. Alle Kommentare, die <strong>bis zum 15.11.2019<\/strong> eingehen, nehmen an der Verlosung teil.<\/p>\n","protected":false},"excerpt":{"rendered":"<p>Dieser Beitrag enth\u00e4lt Werbung Einmal im Jahr l\u00e4dt die Redaktion von Journal Frankfurt ins Medienhaus um die Preistr\u00e4ger der &#8222;Peripherie&#8220; vorzustellen: die Restaurants aus dem Umland von Frankfurt, die es als Empfehlung ins neue Heft von Rhein-Main geht aus geschafft haben. In diesem Jahr sind dies (auf dem Bild oben von links nach rechts) Restaurant Schwarzenstein (Nils Henkel), Geisenheim 1. Platz in den Kategorien &#8222;Rhein-Main &#8211; Exklusiv&#8220; und &#8222;Rheingau &amp; Rheinhessen &#8211; Die Edlen&#8220; Helbigs Gasthaus (Ludger Helbig), Johannesberg 1. Platz in der Kategorie &#8222;Wetterau, Vogelsberg &amp; Spessart &#8211; Die Edlen&#8220; GenussWerkstatt (Carl Gr\u00fcnewald), Mainz 1. Platz in der Kategorie &#8222;Wiesbaden &amp; Mainz &#8211; Die Edlen&#8220; Zum Heiligen Stein (Antonio Branca), Muschenheim 1.\u00a0Platz in der Kategorie &#8222;Wetterau, Vogelsberg &amp; Spessart &#8211; Essen beim Erzeuger&#8220; Zwei und Zwanzig (Dirk Schritt), Geisenheim 1. Platz in der Kategorie &#8222;Rhein-Main &#8211; Fleischlos&#8220; Das Kr\u00fc\u00a0 (Won Nam Begemann), Darmstadt 1. Platz in der Kategorie &#8222;Darmstadt &#8211; Die Lieblinge&#8220; 360 Grad (Alexander Hohlwein), Limburg 1. Platz in der Kategorie &#8222;Taunus &#8211; Die Edlen&#8220; Die Siegerehrung nahm stellvertretend f\u00fcr den erkrankten Jan &hellip;<\/p>\n","protected":false},"author":3,"featured_media":0,"comment_status":"open","ping_status":"open","sticky":false,"template":"","format":"standard","meta":{"jetpack_post_was_ever_published":false,"_jetpack_newsletter_access":"","_jetpack_dont_email_post_to_subs":false,"_jetpack_newsletter_tier_id":0,"footnotes":"","jetpack_publicize_message":"","jetpack_publicize_feature_enabled":true,"jetpack_social_post_already_shared":true,"jetpack_social_options":{"image_generator_settings":{"template":"highway","enabled":false}}},"categories":[1],"tags":[],"jetpack_publicize_connections":[],"jetpack_featured_media_url":"","jetpack_sharing_enabled":true,"jetpack_shortlink":"https:\/\/wp.me\/p5wr8k-1MU","_links":{"self":[{"href":"https:\/\/www.cala-kocht.de\/index.php?rest_route=\/wp\/v2\/posts\/6876"}],"collection":[{"href":"https:\/\/www.cala-kocht.de\/index.php?rest_route=\/wp\/v2\/posts"}],"about":[{"href":"https:\/\/www.cala-kocht.de\/index.php?rest_route=\/wp\/v2\/types\/post"}],"author":[{"embeddable":true,"href":"https:\/\/www.cala-kocht.de\/index.php?rest_route=\/wp\/v2\/users\/3"}],"replies":[{"embeddable":true,"href":"https:\/\/www.cala-kocht.de\/index.php?rest_route=%2Fwp%2Fv2%2Fcomments&post=6876"}],"version-history":[{"count":12,"href":"https:\/\/www.cala-kocht.de\/index.php?rest_route=\/wp\/v2\/posts\/6876\/revisions"}],"predecessor-version":[{"id":6897,"href":"https:\/\/www.cala-kocht.de\/index.php?rest_route=\/wp\/v2\/posts\/6876\/revisions\/6897"}],"wp:attachment":[{"href":"https:\/\/www.cala-kocht.de\/index.php?rest_route=%2Fwp%2Fv2%2Fmedia&parent=6876"}],"wp:term":[{"taxonomy":"category","embeddable":true,"href":"https:\/\/www.cala-kocht.de\/index.php?rest_route=%2Fwp%2Fv2%2Fcategories&post=6876"},{"taxonomy":"post_tag","embeddable":true,"href":"https:\/\/www.cala-kocht.de\/index.php?rest_route=%2Fwp%2Fv2%2Ftags&post=6876"}],"curies":[{"name":"wp","href":"https:\/\/api.w.org\/{rel}","templated":true}]}}