{"id":4641,"date":"2015-07-25T20:10:39","date_gmt":"2015-07-25T20:10:39","guid":{"rendered":"http:\/\/www.cala-kocht.de\/?p=4641"},"modified":"2015-07-25T20:15:22","modified_gmt":"2015-07-25T20:15:22","slug":"wer-a-sagt-muss-nicht-b-sagen","status":"publish","type":"post","link":"https:\/\/www.cala-kocht.de\/?p=4641","title":{"rendered":"Wer A sagt, muss nicht B sagen&#8230;"},"content":{"rendered":"<h2 style=\"text-align: right;\">&#8230;er kann auch erkennen, dass A falsch war<br \/>\n(Bertold Brecht)<\/h2>\n<p><a href=\"http:\/\/www.cala-kocht.de\/wp-content\/uploads\/2015\/07\/IMG_0829.jpg\"><img loading=\"lazy\" decoding=\"async\" class=\"alignnone size-full wp-image-4647\" src=\"http:\/\/www.cala-kocht.de\/wp-content\/uploads\/2015\/07\/IMG_0829.jpg\" alt=\"IMG_0829\" width=\"640\" height=\"480\" srcset=\"https:\/\/www.cala-kocht.de\/wp-content\/uploads\/2015\/07\/IMG_0829.jpg 640w, https:\/\/www.cala-kocht.de\/wp-content\/uploads\/2015\/07\/IMG_0829-300x225.jpg 300w\" sizes=\"(max-width: 640px) 100vw, 640px\" \/><\/a><\/p>\n<p>So, nachdem dieses Wochenende \u00fcberraschend doch ganz anders verl\u00e4uft als es urspr\u00fcnglich geplant war, habe ich heute Morgen erst mal die Vorr\u00e4te aufgestockt und mich dann entspannt ans Kochen &amp; Backen gemacht \ud83d\ude42<\/p>\n<p>Letzte Woche haben wir in einem Restaurant einen eher traurigen solchen gegessen und so habe ich heute selber einen Versuch gestartet und einen veganen Flammkuchen gebacken &#8211; mit wunderbar d\u00fcnnem Teig (nat\u00fcrlich ohne Hefe) und einer w\u00fcrzigen Cashew-Creme als Basis. Wir fanden ihn (fast) perfekt.<\/p>\n<p><a href=\"http:\/\/www.cala-kocht.de\/wp-content\/uploads\/2015\/07\/IMG_0822.jpg\"><img loading=\"lazy\" decoding=\"async\" class=\"alignnone size-full wp-image-4642\" src=\"http:\/\/www.cala-kocht.de\/wp-content\/uploads\/2015\/07\/IMG_0822.jpg\" alt=\"IMG_0822\" width=\"640\" height=\"480\" srcset=\"https:\/\/www.cala-kocht.de\/wp-content\/uploads\/2015\/07\/IMG_0822.jpg 640w, https:\/\/www.cala-kocht.de\/wp-content\/uploads\/2015\/07\/IMG_0822-300x225.jpg 300w\" sizes=\"(max-width: 640px) 100vw, 640px\" \/><\/a><\/p>\n<p><strong>Rezept Flammkuchen mit Cashewcreme<br \/>\n<\/strong><br \/>\n<span style=\"text-decoration: underline;\">Zutaten f\u00fcr den Teig* (pro Portion)<br \/>\n<\/span>1 EL \u00d6l<br \/>\n60 ml Wasser<br \/>\n1 Prise Salz<br \/>\n125 g Dinkel- oder Weizenmehl<\/p>\n<p>Alles miteinander vermischen und mit dem Knethaken der K\u00fcchenmaschine zu einem glatten Teig verarbeiten, dann mit der Hand weiterkneten (falls der Teig zu feucht ist, kannst du noch etwas Mehl dazugeben). Ca. 20 Minuten ruhen lassen, dann zwischen zwei Backpapierst\u00fccken so d\u00fcnn wie m\u00f6glich ausrollen.<\/p>\n<p>(*&#8230;das Grundrezept f\u00fcr den Teig habe ich von <a href=\"http:\/\/feinschmeckerle.blogspot.de\/2013\/06\/einfaches-rezept-flammkuchen-elsaesser-art.html\" target=\"_blank\">hier<\/a>.)<\/p>\n<p><span style=\"text-decoration: underline;\">Zutaten f\u00fcr die Cashewcreme (pro Portion)<br \/>\n<\/span>eine gro\u00dfe Hand voll Cashewkerne<br \/>\nca. 150 ml Wasser<br \/>\nca. 3 Essl\u00f6ffel Hefeflocken<br \/>\nSalz<\/p>\n<p>Cashews und Wasser in einem Hochleistungsmixer zu einer feinen Sahne p\u00fcrieren. Hefeflocken dazugeben, sehr gr\u00fcndlich durchmixen.<br \/>\nFl\u00fcssigkeit in einen Topf geben und vorsichtig aufkochen, dann auf mittlerer Hitze etwas einkochen, bis eine streichfeste Creme entsteht. Ggf. mit etwas Salz abschmecken. Abk\u00fchlen lassen.<\/p>\n<p><span style=\"text-decoration: underline;\">Zutaten f\u00fcr den Belag (pro Portion)<br \/>\n<\/span>\u00bd rote Paprika<br \/>\n\u00bd Gem\u00fcsezwiebel<br \/>\n1 kleine Stange Lauch<\/p>\n<p>Gem\u00fcse waschen. Paprika in hauchd\u00fcnne Steifen, Zwiebeln und Lauch in ganz d\u00fcnne Scheiben schneiden.<\/p>\n<p><span style=\"text-decoration: underline;\">Fertigstellen:<\/span><\/p>\n<p>Ofen auf 250\u00b0 vorheizen (Ober- und Unterhitze).<br \/>\nDas obere Backpapier vom ausgerollten Teig abziehen. Cashewcreme auf dem ausgerollten Teig verstreichen (unbedingt bis an die R\u00e4nder streichen). Gem\u00fcse darauf verteilen und ganz leicht salzen. Flammkuchen auf dem unteren Backpapier auf einem Gitterrost zun\u00e4chst 5 Minuten in den Ofen geben, dann die Hitze auf 220\u00b0 reduzieren und nochmals ca. 5 Minuten backen.<\/p>\n<p>Vor dem Servieren mit Oliven\u00f6l betr\u00e4ufeln und mit frischem Pfeffer w\u00fcrzen.<\/p>\n<p>Zum Dessert gabt es eine Abwandlung von <a href=\"http:\/\/www.cala-kocht.de\/?p=4291http:\/\/\" target=\"_blank\">diesem<\/a> Mangokuchen \u2013 passend zur Jahreszeit mit wunderbaren Aprikosen aus dem Odenwald.<\/p>\n<p><strong>Rezept Aprikosenkuchen<\/strong><\/p>\n<p><a href=\"http:\/\/www.cala-kocht.de\/wp-content\/uploads\/2015\/07\/IMG_0825.jpg\"><img loading=\"lazy\" decoding=\"async\" class=\"alignnone size-full wp-image-4645\" src=\"http:\/\/www.cala-kocht.de\/wp-content\/uploads\/2015\/07\/IMG_0825.jpg\" alt=\"IMG_0825\" width=\"640\" height=\"480\" srcset=\"https:\/\/www.cala-kocht.de\/wp-content\/uploads\/2015\/07\/IMG_0825.jpg 640w, https:\/\/www.cala-kocht.de\/wp-content\/uploads\/2015\/07\/IMG_0825-300x225.jpg 300w\" sizes=\"(max-width: 640px) 100vw, 640px\" \/><\/a><\/p>\n<p>Den Teig habe ich nach <a href=\"http:\/\/www.cala-kocht.de\/?p=4291\" target=\"_blank\">diesem<\/a> Rezept zubereitet, jedoch statt der Mango ca. 12 mittelgro\u00dfe Aprikosen verwendet. Aprikosen waschen, halbieren, die Kerne entfernen und in feine Spalten schneiden. Die H\u00e4lfte davon mit 5-6 Essl\u00f6ffeln Wasser zum Kochen bringen, dann die Hitze auf ein Minimum reduzieren und mit geschlossenem Deckel ca. 30 Minuten k\u00f6cheln lassen. Etwas abk\u00fchlen lassen, dann diese Masse vorsichtig unter den Teig ziehen. Jetzt den Teig in eine mit Backpapier ausgelegte Form geben und die restlichen Aprikosenspalten darauf verteilen. Ich habe bei<br \/>\n180\u00b0 ca. 75 Minuten gebacken (in der ersten Dreiviertelstunde auf keinen Fall den Ofen \u00f6ffnen, danach per St\u00e4bchenprobe kontrollieren, wann der Kuchen fertig ist. Er schmeckt wunderbar als Dessert oder zu einer Tasse Kaffee&#8230;<\/p>\n<p>In diesem Sinne euch einen sch\u00f6nen Sonntag und<br \/>\nviele liebe Gr\u00fc\u00dfe<br \/>\nCala<\/p>\n","protected":false},"excerpt":{"rendered":"<p>&#8230;er kann auch erkennen, dass A falsch war (Bertold Brecht) So, nachdem dieses Wochenende \u00fcberraschend doch ganz anders verl\u00e4uft als es urspr\u00fcnglich geplant war, habe ich heute Morgen erst mal die Vorr\u00e4te aufgestockt und mich dann entspannt ans Kochen &amp; Backen gemacht \ud83d\ude42 Letzte Woche haben wir in einem Restaurant einen eher traurigen solchen gegessen und so habe ich heute selber einen Versuch gestartet und einen veganen Flammkuchen gebacken &#8211; mit wunderbar d\u00fcnnem Teig (nat\u00fcrlich ohne Hefe) und einer w\u00fcrzigen Cashew-Creme als Basis. Wir fanden ihn (fast) perfekt. Rezept Flammkuchen mit Cashewcreme Zutaten f\u00fcr den Teig* (pro Portion) 1 EL \u00d6l 60 ml Wasser 1 Prise Salz 125 g Dinkel- oder Weizenmehl Alles miteinander vermischen und mit dem Knethaken der K\u00fcchenmaschine zu einem glatten Teig verarbeiten, dann mit der Hand weiterkneten (falls der Teig zu feucht ist, kannst du noch etwas Mehl dazugeben). Ca. 20 Minuten ruhen lassen, dann zwischen zwei Backpapierst\u00fccken so d\u00fcnn wie m\u00f6glich ausrollen. (*&#8230;das Grundrezept f\u00fcr den Teig habe ich von hier.) Zutaten f\u00fcr die Cashewcreme (pro Portion) eine gro\u00dfe Hand &hellip;<\/p>\n","protected":false},"author":3,"featured_media":0,"comment_status":"open","ping_status":"open","sticky":false,"template":"","format":"standard","meta":{"jetpack_post_was_ever_published":false,"_jetpack_newsletter_access":"","_jetpack_dont_email_post_to_subs":false,"_jetpack_newsletter_tier_id":0,"footnotes":"","jetpack_publicize_message":"","jetpack_publicize_feature_enabled":true,"jetpack_social_post_already_shared":true,"jetpack_social_options":{"image_generator_settings":{"template":"highway","enabled":false}}},"categories":[1],"tags":[],"jetpack_publicize_connections":[],"jetpack_featured_media_url":"","jetpack_sharing_enabled":true,"jetpack_shortlink":"https:\/\/wp.me\/p5wr8k-1cR","_links":{"self":[{"href":"https:\/\/www.cala-kocht.de\/index.php?rest_route=\/wp\/v2\/posts\/4641"}],"collection":[{"href":"https:\/\/www.cala-kocht.de\/index.php?rest_route=\/wp\/v2\/posts"}],"about":[{"href":"https:\/\/www.cala-kocht.de\/index.php?rest_route=\/wp\/v2\/types\/post"}],"author":[{"embeddable":true,"href":"https:\/\/www.cala-kocht.de\/index.php?rest_route=\/wp\/v2\/users\/3"}],"replies":[{"embeddable":true,"href":"https:\/\/www.cala-kocht.de\/index.php?rest_route=%2Fwp%2Fv2%2Fcomments&post=4641"}],"version-history":[{"count":6,"href":"https:\/\/www.cala-kocht.de\/index.php?rest_route=\/wp\/v2\/posts\/4641\/revisions"}],"predecessor-version":[{"id":4651,"href":"https:\/\/www.cala-kocht.de\/index.php?rest_route=\/wp\/v2\/posts\/4641\/revisions\/4651"}],"wp:attachment":[{"href":"https:\/\/www.cala-kocht.de\/index.php?rest_route=%2Fwp%2Fv2%2Fmedia&parent=4641"}],"wp:term":[{"taxonomy":"category","embeddable":true,"href":"https:\/\/www.cala-kocht.de\/index.php?rest_route=%2Fwp%2Fv2%2Fcategories&post=4641"},{"taxonomy":"post_tag","embeddable":true,"href":"https:\/\/www.cala-kocht.de\/index.php?rest_route=%2Fwp%2Fv2%2Ftags&post=4641"}],"curies":[{"name":"wp","href":"https:\/\/api.w.org\/{rel}","templated":true}]}}