{"id":4142,"date":"2014-12-01T20:17:24","date_gmt":"2014-12-01T20:17:24","guid":{"rendered":"http:\/\/www.cala-kocht.de\/?p=4142"},"modified":"2014-12-24T12:33:45","modified_gmt":"2014-12-24T12:33:45","slug":"jetzt-wird-improvisiert-der-cala-kocht-adventskalender","status":"publish","type":"post","link":"https:\/\/www.cala-kocht.de\/?p=4142","title":{"rendered":"Jetzt wird improvisiert: Der Cala-kocht-Adventskalender"},"content":{"rendered":"<p><a href=\"http:\/\/www.cala-kocht.de\/wp-content\/uploads\/2014\/12\/DSC_2266.jpg\"><img loading=\"lazy\" decoding=\"async\" class=\"alignnone size-full wp-image-4146\" alt=\"DSC_2266\" src=\"http:\/\/www.cala-kocht.de\/wp-content\/uploads\/2014\/12\/DSC_2266.jpg\" width=\"800\" height=\"534\" srcset=\"https:\/\/www.cala-kocht.de\/wp-content\/uploads\/2014\/12\/DSC_2266.jpg 800w, https:\/\/www.cala-kocht.de\/wp-content\/uploads\/2014\/12\/DSC_2266-300x200.jpg 300w\" sizes=\"(max-width: 800px) 100vw, 800px\" \/><\/a><\/p>\n<p>Eigentlich&#8230;. Ja, eigentlich wollte ich euch in der Adventszeit mit einen ganz ausget\u00fcftelten Adventskalender begleiten&#8230; aber &#8230; naja: es ist einfach dieses und jenes dazwischengekommen, anderes hat nicht so geklappt wie gew\u00fcnscht, dann bin ich ein paarmal in Sackgassen gelandet und musste von vorne abfangen, kurz: ich bin mit meinen Vorbereitung nicht besonders weit gekommen.<\/p>\n<p>Kein Grund jedoch, das &#8222;Projekt&#8220; ganz aufzugeben. Statt dessen gibt es jetzt halt einfach einen &#8222;mitwachsenden&#8220; Post, einen Adventskalender, der jeden Tag ein St\u00fcckchen &#8222;w\u00e4chst&#8220;.<\/p>\n<p style=\"text-align: left;\">Allerdings m\u00fcsst ihr daf\u00fcr diesen Post in den n\u00e4chten Tagen immer wieder aufrufen &#8211; das kriegt ihr hin, oder?<\/p>\n<h4><strong>vierundzwanzigstes T\u00fcrchen &#8211; 24. Dezember 2014<\/p>\n<p><a href=\"http:\/\/www.cala-kocht.de\/wp-content\/uploads\/2014\/12\/DSC_2293.jpg\"><img loading=\"lazy\" decoding=\"async\" class=\"alignnone size-full wp-image-4275\" alt=\"DSC_2293\" src=\"http:\/\/www.cala-kocht.de\/wp-content\/uploads\/2014\/12\/DSC_2293.jpg\" width=\"800\" height=\"534\" srcset=\"https:\/\/www.cala-kocht.de\/wp-content\/uploads\/2014\/12\/DSC_2293.jpg 800w, https:\/\/www.cala-kocht.de\/wp-content\/uploads\/2014\/12\/DSC_2293-300x200.jpg 300w\" sizes=\"(max-width: 800px) 100vw, 800px\" \/><\/a><\/p>\n<p><\/strong>Wir kommen gerade vom Einkaufen &#8211; heute gibt es bei uns ein veganes Fondue &#8211; wir freuen uns schon! Ein bisschen muss noch aufger\u00e4umt und sortiert werden, aber wir sind schon sehr entspannt und gehen es in aller Ruhe an.<\/p>\n<p>Erinnert ihr euch? Im letzten Jahr haben wir Weihnachten in S\u00fcdtirol verbracht (<a href=\"http:\/\/www.cala-kocht.de\/?p=3366\" target=\"_blank\">hier<\/a> und <a href=\"http:\/\/www.cala-kocht.de\/?p=3390\" target=\"_blank\">hier<\/a>), bevor sich mit der Umstellung auf die vegane Ern\u00e4hrung 2014 f\u00fcr uns ganz viel ver\u00e4ndert hat &#8211; ich schaue zur\u00fcck und bin kein bisschen wehm\u00fctig: wir haben alles richtig gemacht und ich bin froh, nicht mehr Teil eines Systems zu sein, das ich noch nie verstanden, aber dennoch mit meinem Verhalten unterst\u00fctzt habe.<\/p>\n<p>2014 haben wir unser Geld ausschlie\u00dflich f\u00fcr lebende Tiere ausgegeben und trotzdem kein bisschen weniger lecker gegessen als fr\u00fcher &#8211; im Gegenteil: f\u00fcr uns ist das vegane Leben in kulinarischer Hinsicht noch mal eine m\u00e4chtige Bereicherung und wir entdecken jeden Tag Neues.<\/p>\n<p>Das heutige Kalendert\u00fcrchen birgt noch mal eine \u00dcberraschung f\u00fcr euch, denn ich m\u00f6chte zu gern\u00a0 eure veganen Weihnachtsmen\u00fcs sehen &#8211; jeder, der bis zum 26.12. ein oder mehrere Bilder von seinem (selbst gekochten!) veganen Weihnachstessen an info@cala-kocht.de schickt, kommt automatisch ins Lost\u00f6pfchen.<\/p>\n<p>Unter allen Einsendungen verlosen wir einen Warengutschein f\u00fcr unseren Shop im Wert von 24,00 \u20ac. Bitte beachtet, dass ihr euch mit der Zusendung der Bilder auch damit einverstanden erkl\u00e4rt, dass wir diese Bilder ggf. unter Nennung eures Vornamens auf Cala kocht (Blog und Facebook-Seite) ver\u00f6ffentlichen.<\/p>\n<p>Ich freue mich auf eure Mails!<\/p>\n<p>Liebe Gr\u00fc\u00dfe, einen wundersch\u00f6nen Abend und ein traumhaftes Weihnachtsfest<\/p>\n<p>Eure<br \/>\nCala<\/h4>\n<h4><strong>dreiundzwanzigstes T\u00fcrchen &#8211; 23. Dezember 2014<\/strong><\/h4>\n<h4><a href=\"http:\/\/www.cala-kocht.de\/wp-content\/uploads\/2014\/12\/DSC_2290.jpg\"><img loading=\"lazy\" decoding=\"async\" class=\"alignnone size-full wp-image-4271\" alt=\"DSC_2290\" src=\"http:\/\/www.cala-kocht.de\/wp-content\/uploads\/2014\/12\/DSC_2290.jpg\" width=\"800\" height=\"534\" srcset=\"https:\/\/www.cala-kocht.de\/wp-content\/uploads\/2014\/12\/DSC_2290.jpg 800w, https:\/\/www.cala-kocht.de\/wp-content\/uploads\/2014\/12\/DSC_2290-300x200.jpg 300w\" sizes=\"(max-width: 800px) 100vw, 800px\" \/><\/a><\/h4>\n<h4>So, ich bin mit allen Vorbereitungen fertig \u2013 morgen Vormittag fahren wir entspannt nochmal Lebensmittel einkaufen, aber Stress gibt es jetzt keinen mehr \ud83d\ude42<\/h4>\n<h4>Da wir keinen eigenen Schnee haben, habe ich die Bilder aus S\u00fcdtirol vom letzten Jahr hervorgeholt, ich hoffe, ihr m\u00f6gt diesen etwas unkonventionelle Schneemann.<\/h4>\n<h4>Ein netter Hilferuf ereilte mich heute Mittag noch von einem verzweifelten Ehemann, deshalb sei es hier f\u00fcr alle ebenfalls Verzweifelten gerne nochmal gesagt: Ja, wir verschicken Gutscheine f\u00fcr Kochkurse und f\u00fcr den Shop noch bis morgen Nachmittag gerne auch online, falls noch ein nettes Geschenk fehlt \ud83d\ude42<\/h4>\n<h4>Jetzt habe ich auch Zeit ein bisschen im Netz zu st\u00f6bern und fand bei <a href=\"http:\/\/fraeulein-ordnung.blogspot.de\/http:\/\/\" target=\"_blank\">Fr\u00e4ulein Ordnung<\/a> (einen Blog den ich neulich entdeckt habe)\u00a0 in einem <a href=\"http:\/\/fraeulein-ordnung.blogspot.de\/2013\/12\/donnerstag-ordnungstag_19.html\" target=\"_blank\">Post von 2013 <\/a>eine wunderbare Liste ich euch nicht vorenthalten m\u00f6chte, ich glaube ihre Tipps sind f\u00fcr uns alle n\u00fctzlich (nat\u00fcrlich hat Denise ihr Einverst\u00e4ndnis gegeben, dass ich hier ver\u00f6ffentliche):<\/h4>\n<h5><span style=\"color: #000080;\"><em>&#8222;So befreit Fr\u00e4ulein Ordnung ihre Feiertage von unn\u00f6tigem Ballast:<\/em><\/span><\/h5>\n<h5><span style=\"color: #000080;\"><em> * Sie schreibt eine sinnvolle Einkaufsliste und versucht, sp\u00e4testens am 23.12. Vormittags alles im Haus zu haben,<\/em><\/span><br \/>\n<span style=\"color: #000080;\"> <em> * Sie erinnert sich daran, dass Planung ALLES ist und freut sich dann bei dem Blick auf ihre Could-Do-Liste, die gr\u00f6\u00dftenteils durchgestrichen ist, <\/em><\/span><br \/>\n<span style=\"color: #000080;\"> <em> * Sie schaltet die Weihnachtsmusik an, um in Stimmung zu kommen,<\/em><\/span><br \/>\n<span style=\"color: #000080;\"> <em> * Sie versucht die Zeit so zu gestalten, dass sie ihren Bed\u00fcrfnissen und Wertvorstellungen entspricht,<\/em><\/span><br \/>\n<span style=\"color: #000080;\"> <em> * Sie konzentriert sich auf menschliche Beziehungen, nicht auf den Geschenke-Rummel,<\/em><\/span><br \/>\n<span style=\"color: #000080;\"> <em> * Sie bewahrt sinnvolle Traditionen und l\u00f6st sich von solchen, die l\u00e4stig sind,<\/em><\/span><br \/>\n<span style=\"color: #000080;\"> <em> * Sie vermeidet, anderen Unn\u00f6tiges zu schenken. Konzertkarten, Spezialit\u00e4ten zum Essen und Trinken oder Gutscheine f\u00fcr irgendwelche Dienste sind eine sinnvolle Alternative. Hauptsache, sie w\u00fcrde die Sachen auch selber behalten wollen,<\/em><\/span><br \/>\n<span style=\"color: #000080;\"> <em> * sinnvolle Geschenke sind gut \u00fcberlegt und haben nicht unbedingt einen materiellen Wert,<\/em><\/span><br \/>\n<span style=\"color: #000080;\"> <em> * das Essen am Heiligabend gestaltet sie zwanglos. Kulinarische Besonderheiten beh\u00e4lt sie sich f\u00fcr das kommende Jahr vor.&#8220;<\/em><\/span><\/h5>\n<h4>Wer mich kennt wei\u00df, dass ich den letzten Punkt nicht einhalten werde (wir freuen uns jetzt schon aufs stundenlange Kochen und Fotografieren), alles andere ist mir wie von der Seele geschrieben \u2013 genauso handhabe ich es auch.<\/h4>\n<h4>Ich w\u00fcnsche euch einen sehr entspannten Endspurt und hoffe, dass auch ihr allm\u00e4hlich zur Ruhe kommen d\u00fcrft.<\/h4>\n<p>Liebe Gr\u00fc\u00dfe Cala<\/p>\n<p><strong>einundzwanzigstes und zweiundzwanzigstes T\u00fcrchen &#8211; 22. Dezember 2014<\/strong><\/p>\n<p><a href=\"http:\/\/www.cala-kocht.de\/wp-content\/uploads\/2014\/12\/141222_Ingwer.jpg\"><img loading=\"lazy\" decoding=\"async\" class=\"alignnone size-full wp-image-4265\" alt=\"141222_Ingwer\" src=\"http:\/\/www.cala-kocht.de\/wp-content\/uploads\/2014\/12\/141222_Ingwer.jpg\" width=\"354\" height=\"406\" srcset=\"https:\/\/www.cala-kocht.de\/wp-content\/uploads\/2014\/12\/141222_Ingwer.jpg 800w, https:\/\/www.cala-kocht.de\/wp-content\/uploads\/2014\/12\/141222_Ingwer-262x300.jpg 262w\" sizes=\"(max-width: 354px) 100vw, 354px\" \/><\/a><\/p>\n<p>Die Zeit fliegt &#8211; \u00fcbermorgen ist schon Heilig Abend. Habt ihr alles beisammen? Wisst ihr schon, was es zu essen geben soll? Ich hoffe, ihr verschont die Tiere und macht es euch mit anderen Dingen sch\u00f6n (wir haben tausend Ideen und gestern mit Stift und Zettel schon ein Brainstorming gemacht&#8230;Bevor wir richtig in Festtagsstimmung kommen, m\u00f6chte ich euch aber noch ein paar Gew\u00fcrze vorstellen.<\/p>\n<p>Ingwer ist zwar kein klassisches Weihnachtsgew\u00fcrz, geh\u00f6rt aber wegen seiner schmerzlindernden und entz\u00fcndungshemmenden Wirkung unbedingt in die kalte Jahreszeit. Ingwer wird nicht nur bei Erk\u00e4ltungen eingesetzt, sondern soll auch gegen Muskelschmerzen und Rheuma helfen. Nicht nur als Tee (Rezept <a href=\"http:\/\/www.cala-kocht.de\/?p=639\" target=\"_blank\">hier<\/a>) ist er mit seiner fruchtigen Sch\u00e4rfe beliebt, man kann auch hervorragend mit ihm kochen.<\/p>\n<p>Eine ganz tolle Kombination ist Ingwer mit Knoblauch \u2013 damit habe ich zum Beispiel den Gr\u00fcnkohl f\u00fcr mein Fesstagsmen\u00fc (der Post ist seit heute online, <a href=\"http:\/\/www.cala-kocht.de\/?p=4253\" target=\"_blank\">hier<\/a>) gew\u00fcrzt. Ingwer und Knoblauch schmecken aber auch hervorragend mit Tofu.<\/p>\n<p>Das Rezept ist ganz einfach und prima, wenn es schnell gehen muss: Etwas Kokos\u00f6l in einer Pfanne erhitzen, Knoblauch und Ingwer hineinreiben und vorsichtig anbraten. Tofuw\u00fcrfel dazugeben und von allen Seiten unter R\u00fchren anbraten, bis der Tofu Farbe annimmt. Mit etwas Salz abschmecken. Schmeckt z.B. toll zu Rosenkohl, aber auch zu Reis oder Pasta.<\/p>\n<h4><b>Neunzehntes und zwanzigstes T\u00fcrchen &#8211; 20. Dezember 2014<\/b><\/h4>\n<p><a href=\"http:\/\/www.cala-kocht.de\/wp-content\/uploads\/2014\/12\/141220_Gaenz_Riesling.jpg\"><img loading=\"lazy\" decoding=\"async\" class=\"alignnone size-full wp-image-4246\" alt=\"141220_Gaenz_Riesling\" src=\"http:\/\/www.cala-kocht.de\/wp-content\/uploads\/2014\/12\/141220_Gaenz_Riesling.jpg\" width=\"200\" height=\"200\" srcset=\"https:\/\/www.cala-kocht.de\/wp-content\/uploads\/2014\/12\/141220_Gaenz_Riesling.jpg 200w, https:\/\/www.cala-kocht.de\/wp-content\/uploads\/2014\/12\/141220_Gaenz_Riesling-150x150.jpg 150w\" sizes=\"(max-width: 200px) 100vw, 200px\" \/><\/a><\/p>\n<h4><b><\/b> Und schon wieder gibt es etwas zu gewinnen: Gestern hatten wir zu Hause ein kleines Fest und nat\u00fcrlich haben wir auch wieder veganen Wein vom Weingut G\u00e4nz serviert &#8211; in diesem Jahr f\u00fcr uns eine ganz tolle Neuentdeckung, wir m\u00f6gen diese Weine sehr.<\/h4>\n<h4>Das Weingut hat uns zum Jahresende einen wundersch\u00f6nen Kalender geschickt, den wir gerne &#8211; zusammen mit einer Falsche Riesling &#8211; an eine(n) unserer Leser(innen) weiterverschenken m\u00f6chten.<\/h4>\n<h4>Wenn du in unseren Lostopf h\u00fcpfen m\u00f6chtest, schicke bitte einfach eine E-Mail mit dem Betreff &#8222;G\u00e4nz&#8220; an info@cala-kocht.de &#8211; bitte vergiss nicht, uns deine Postadresse mitzuteilen.<\/h4>\n<p>Verlost wird unter allen Mails, die uns erreichen, bevor sich das n\u00e4chste T\u00fcrchen \u00f6ffnet.<\/p>\n<h4>Liebe Gr\u00fc\u00dfe und einen sch\u00f6nen 4. Advent<\/h4>\n<h4>Cala<b><\/b><\/h4>\n<h4><b>Siebzehntes und achtzehntes T\u00fcrchen &#8211; 18. Dezember 2014<br \/>\n<\/b><b><br \/>\n<a href=\"http:\/\/www.cala-kocht.de\/wp-content\/uploads\/2014\/12\/141218_Kekse.jpg\"><img loading=\"lazy\" decoding=\"async\" class=\"alignnone size-full wp-image-4243\" alt=\"141218_Kekse\" src=\"http:\/\/www.cala-kocht.de\/wp-content\/uploads\/2014\/12\/141218_Kekse.jpg\" width=\"800\" height=\"534\" srcset=\"https:\/\/www.cala-kocht.de\/wp-content\/uploads\/2014\/12\/141218_Kekse.jpg 800w, https:\/\/www.cala-kocht.de\/wp-content\/uploads\/2014\/12\/141218_Kekse-300x200.jpg 300w\" sizes=\"(max-width: 800px) 100vw, 800px\" \/><\/a><\/b><\/h4>\n<p>&nbsp;<\/p>\n<h4>Heute gibt es wieder etwas f\u00fcr euch zu gewinnen, denn ich habe etwas entdeckt, das euch auch gefallen wird. Auch wenn es so aussieht: Mein veganes Pl\u00e4tzchenprojekt habe ich noch nicht komplett aufgegeben. Ich vermute allerdings, dass ich erst an Weihnachten zum Backen komme und hatte mich nach winterlichen aber nicht wirklich weihnachtlichen Ausstechformen umgesehen, damit die Pl\u00e4tzchen auch noch in den Januar passen. Vor allem die Eiskristalle, die man immer wieder auf Fotos sieht, haben es mir angetan, ich finde sie so sch\u00f6n&#8230; Hier bin ich f\u00fcndig geworden:<br \/>\n<a href=\"http:\/\/www.meincupcake.de\" target=\"_blank\">www.meincupcake.de<\/a><\/h4>\n<h4>Und weil die Formen so sch\u00f6n sind, bekommt ihr die eine oder andere geschenkt; ihr habt Zeit, bis ich das n\u00e4chste Adventskalendert\u00fcrchen \u00f6ffne, um mir eine Mail zu schreiben und mir euer veganes Lieblings-Pl\u00e4tzchen-Rezept zu schicken. Wenn ich mehrere Rezepte erhalte, wird wie immer gelost.<\/h4>\n<h4>Viel Gl\u00fcck und liebe Gr\u00fc\u00dfe<br \/>\nCala<\/h4>\n<h4><b><br \/>\n<\/b><\/h4>\n<h4><b>Sechzehntes T\u00fcrchen &#8211; 16. Dezember 2014<br \/>\n<\/b><\/h4>\n<h4><b><a href=\"http:\/\/www.cala-kocht.de\/wp-content\/uploads\/2014\/12\/141216_Pinky-Minky.jpg\"><img loading=\"lazy\" decoding=\"async\" class=\"alignnone size-full wp-image-4239\" alt=\"141216_Pinky Minky\" src=\"http:\/\/www.cala-kocht.de\/wp-content\/uploads\/2014\/12\/141216_Pinky-Minky.jpg\" width=\"539\" height=\"363\" srcset=\"https:\/\/www.cala-kocht.de\/wp-content\/uploads\/2014\/12\/141216_Pinky-Minky.jpg 539w, https:\/\/www.cala-kocht.de\/wp-content\/uploads\/2014\/12\/141216_Pinky-Minky-300x202.jpg 300w\" sizes=\"(max-width: 539px) 100vw, 539px\" \/><\/a><br \/>\n<\/b><\/h4>\n<h4><strong>Sinnvoll schenken &#8211; danke Mama!<\/strong><\/h4>\n<p>Seit ein paar Tagen halten uns diese munteren Gesellen m\u00e4chtig auf Trab &#8211; zusammen mit 214 Schwestern und Br\u00fcdern hoffen sie darauf, dem Tod zu entgehen &#8211; Tiersch\u00fctzer haben sie aus einem Mastbetrieb befreit. Ein Tropfen auf dem hei\u00dfen Stein? Ganz sicher, ja. Aber deshalb sinnlos? Ganz sicher, nein. Die richtige Aktion, um ein Zeichen zu setzen? Wer kann das sagen? Und nat\u00fcrlich gibt es immer Argumente dagegen, einen Haufen Zweifel und viele Gr\u00fcnde Dinge kritisch zu sehen. Wer zweifeln will, wird immer einen Ansatz finden.<br \/>\nDen anderen geht es vielleicht wie uns: wir haben die Bilder gesehen und gehandelt. Unsere &#8222;Patenschweinchen&#8220; hei\u00dfen Arthos und Aramis. Meine Mutter hat das Geld, das f\u00fcr unsere Weihnachtsgeschenke vorgesehen war, gespendet und hat Peppermint Patty und Pinky Minky (auf dem Foto links) ausgel\u00f6st.<\/p>\n<p>Ganz klar: auf dieser Welt gibt es viele Probleme. Und haufenweise M\u00f6glichketien, sich zu engangieren. Das ist eine davon.<\/p>\n<p>Ich w\u00fcrde mich freuen, wenn sie Nachahmer findet &#8211; jeder Euro ist als Spende willkommen und eine Patenschaft (ab 5 \u20ac im Monat m\u00f6glich) ist ein gro\u00dfartiges Geschenk &#8211; und sehr viel besser als jedes Verlegenheitsgeschenk&#8230;.<\/p>\n<p>Zur Aktion auf Facebook geht es <a href=\"https:\/\/www.facebook.com\/events\/1471502369793418\/http:\/\/\" target=\"_blank\">hier<\/a>, den Patenschaftsvertrag zum Ausdrucken findet ihr <a href=\"http:\/\/ruesselheim.com\/index_htm_files\/patenschaftsvertrag.pdf\" target=\"_blank\">hier<\/a>.<b><br \/>\n<\/b><br \/>\nSpendenkonto f\u00fcr einmalige Spenden<br \/>\nR\u00fcsselheim e.V.<br \/>\nIBAN: DE95 7205 0101 0030 2078 64<br \/>\nBIC: BYLADEM1AUG<br \/>\nKreissparkasse Augsburg<br \/>\nVerwendungszweck: FerkelRettung 216<\/p>\n<p>Spenden per Paypal an:<br \/>\nruesselheim@freenet.de<\/p>\n<p>Schenken macht gl\u00fccklich &#8211; Leben schenken erst recht \ud83d\ude42<\/p>\n<p>Liebe Gr\u00fc\u00dfe<br \/>\nCala<br \/>\n<b><\/b><\/p>\n<p>Vierzehntes und f\u00fcnfzehntes T\u00fcrchen &#8211; 15. Dezember 2014<\/p>\n<p><a href=\"http:\/\/www.cala-kocht.de\/wp-content\/uploads\/2014\/12\/141215_Gedicht1.jpg\"><img loading=\"lazy\" decoding=\"async\" class=\"alignnone size-full wp-image-4235\" alt=\"SAMSUNG\" src=\"http:\/\/www.cala-kocht.de\/wp-content\/uploads\/2014\/12\/141215_Gedicht1.jpg\" width=\"447\" height=\"596\" srcset=\"https:\/\/www.cala-kocht.de\/wp-content\/uploads\/2014\/12\/141215_Gedicht1.jpg 1920w, https:\/\/www.cala-kocht.de\/wp-content\/uploads\/2014\/12\/141215_Gedicht1-225x300.jpg 225w, https:\/\/www.cala-kocht.de\/wp-content\/uploads\/2014\/12\/141215_Gedicht1-768x1024.jpg 768w\" sizes=\"(max-width: 447px) 100vw, 447px\" \/><\/a><\/p>\n<p>&nbsp;<\/p>\n<h4><b><\/b>Au\u00dfer diesem netten Gedicht, dass ich bei unseren Weihnachtssachen fand (ich habe es vor vielen Jahren mal abgeschrieben), habe ich heute f\u00fcr euch einen tollen Link f\u00fcr eine wunderbaren veganen Blog, den ich heute entdeckt habe\u00a0 &#8211; viel, viel Spa\u00df beim St\u00f6bern!<\/h4>\n<p><a title=\"http:\/\/www.veggi.es\/\" href=\"http:\/\/www.veggi.es\/\" target=\"_blank\">http:\/\/www.veggi.es\/<\/a><\/p>\n<p>Liebe Gr\u00fc\u00dfe<br \/>\nCala<\/p>\n<p>PS: Ich habe \u00fcbrigens tats\u00e4chlich den ultimativen Tipp f\u00fcr meine Erk\u00e4ltung bekommen und war am n\u00e4chsten Tag wieder top-fit und zwar einzig und allein durch ein \u00e4therisches \u00d6l das ich mir abends auf die Fu\u00dfsohlen aufgetragen habe &#8211; ich erz\u00e4hle bestimmt demn\u00e4chst mal mehr davon!<\/p>\n<h4><b>Elftes, zw\u00f6lftes und dreizehntes T\u00fcrchen &#8211; 13. Dezember 2014<\/b><\/h4>\n<p><a href=\"http:\/\/www.cala-kocht.de\/wp-content\/uploads\/2014\/12\/141212_Gewu\u0308rzku\u0308chlein_klein_mit.jpg\"><img loading=\"lazy\" decoding=\"async\" class=\"alignnone size-full wp-image-4225\" alt=\"SAMSUNG\" src=\"http:\/\/www.cala-kocht.de\/wp-content\/uploads\/2014\/12\/141212_Gewu\u0308rzku\u0308chlein_klein_mit.jpg\" width=\"800\" height=\"1067\" srcset=\"https:\/\/www.cala-kocht.de\/wp-content\/uploads\/2014\/12\/141212_Gewu\u0308rzku\u0308chlein_klein_mit.jpg 800w, https:\/\/www.cala-kocht.de\/wp-content\/uploads\/2014\/12\/141212_Gewu\u0308rzku\u0308chlein_klein_mit-224x300.jpg 224w, https:\/\/www.cala-kocht.de\/wp-content\/uploads\/2014\/12\/141212_Gewu\u0308rzku\u0308chlein_klein_mit-767x1024.jpg 767w\" sizes=\"(max-width: 800px) 100vw, 800px\" \/><\/a><\/p>\n<p>&nbsp;<\/p>\n<h4><b><\/b><strong>Zum Wesentlichen kommen<\/strong><\/h4>\n<h4>Wenn ich meine to-do-Liste sehe, wird mir schlecht. Ich frage mich immer, wie ich, wenn ich diese Listen schreibe, darauf komme, dass ich das alles &#8211; so ganz nebenher &#8211; tats\u00e4chlich schaffen k\u00f6nnte. Und sagt jetzt bitte nicht, dass ich die einzige bin, die sich zu viel vornimmt &#8211; ehrlich gesagt glaube ich, das geht ganz vielen so.<\/h4>\n<h4><b><\/b>W\u00e4hrend ich gestern unseren Themenabend vorbereitet habe, hatte ich jedenfalls Zeit ein bisschen nachzudenken. Und ich habe beschlossen, meine to-do-Liste jetzt einfach zu ignorieren.<\/h4>\n<h4>Ich schaffe weder die h\u00fcbsche, ganz individuelle Weihnachtspost, die ich mir vorgestellt habe an\u00a0 mit Verwandten und liebe Kunden zu schicken, noch bekomme ich es hin, die wirklich tolle Geschenksidee umzusetzen, die ich vor ein paar Monaten hatte, die aber ein ganzes St\u00fcck an konzentrierter Aufmerksamkeit und Mu\u00dfe erfordert. Ich werde kein ausget\u00fcftelte Weihnachtsmen\u00fc mehr planen und vielleicht auch die Terrasse nicht mehr weihnachtlichen herrichten k\u00f6nnen.\u00a0 Vermutlich werde ich es nicht mal schaffen, unsere Weihnachtsdeko komplett auszupacken (ein paar Teile sind im Haus verteilt, so richtig weit gediehen ist das Projekt aber nicht).<\/h4>\n<h4>Ich werde nicht 6 Sorten Pl\u00e4tzchen backen und auch nicht mehr viel Weihnachtsm\u00e4rkte besuchen k\u00f6nnen (die meisten sind eh rum) &#8211; wenn ich ehrlich zu mir selbst bin, kann ich froh sein, wenn die Bude bis Heiligabend einigerma\u00dfen aufger\u00e4umt und hergerichtet ist und die wirklich wichtigen Dinge erledigt sind &#8211;\u00a0 eine Puppenstube (wie ich sie gerne h\u00e4tte) wird es aber auch in diesem Jahr nicht werden.<\/h4>\n<h4>Insofern habe ich gestern vor meinem eigenen Perfektionsanspruch kapituliert und beschlossen, alles von meiner to-do-Liste (die eher eine Wunschliste ist) zu streichen, was nicht lebensnotwendig ist. Verwandten und Kunden m\u00fcssen jetzt auf Weihnachtskarten verzichten, die Paketfahrer werden wohl ihr Dankesch\u00f6n erst im neuen Jahr bekommen und meine sch\u00f6ne Geschenkidee wird irgendwann im neuen Jahr umgesetzt und dann hoffentlich auch noch Freude machen.<\/h4>\n<h4>Das Weihnachtsmen\u00fc wird sich in meinem Kopf schon noch finden und ich werde meine Zeit nicht mehr damit vergeuden die Terrasse zu putzen oder nichtgebackenen Pl\u00e4tzchen hinterherzutrauern.<\/h4>\n<h4>Stattdessen haben wir heute ein Gro\u00dfputz gemacht und werden dann mal durchatmen, den Ist-Zustand akzeptieren und versuchen von der Weihnachtszeit zu genie\u00dfen, was noch \u00fcbrig ist.<\/h4>\n<h4>Am meisten Spa\u00df habe ich im Moment beim Herrichten der Kundenbestellungen und freue mich \u00fcber jede Kleinigkeit, die aus unserem Sortiment verschenkt wird. Gestern hatte ich ein sehr nettes Telefonat mit einer Frau, die ihrer veganen Freundin Kochkurs-Gutscheine schenken m\u00f6chte, was ich eine ganz tolle Idee fand.\u00a0 Mal sehen, vielleicht verlose ich vor Weihnachten auch noch so einen Gutschein f\u00fcr euch. Diese Sachen sch\u00f6n herzurichten macht mir viel Freude\u00a0 und das ist ja auch irgendwie eine nette Art, die Weihnachtszeit verbringen.<\/h4>\n<h4>Au\u00dferdem habe ich beschlossen mein Geburtstag kurz vor Weihnachten in diesem Jahr auf jeden Fall zu feiern. Fazit also: Ab heute lasse ich es mir gut gehen ohne selbstgebackene Pl\u00e4tzchen, ohne Weihnachtskartendruck und ohne komplizierte Planung.\u00a0 ich sage der Weihnachtszeit nicht mehr wie sie sein soll, sondern lasse mich mal \u00fcberraschen davon, wie sie ist. Oder weniger pathetisch: Et k\u00fctt wie et k\u00fctt.<\/h4>\n<h4>In diesem Sinne<\/h4>\n<h4>liebe Gr\u00fc\u00dfe<\/h4>\n<h4>eure Cala<\/h4>\n<h4>PS:\u00a0 Ich habe gestern auf dem Themenabend als Dessert den Gew\u00fcrzkuchen vom Post (<a href=\"http:\/\/www.cala-kocht.de\/?p=4172\">hier<\/a>) als kleine K\u00fcchlein gebacken und mit einem Sauerkirsch-Sternanis-Kompott serviert (siehe Foto oben). Daf\u00fcr Sauerkirschen aus dem Glas mit dem Saft\u00a0 und 2-3 Sternanis 1-2 Stunden\u00a0 auf ganz kleiner Flamme langsam einkochen&#8230;. &#8211; bestimmt auch ein tolles Dessert f\u00fcr Weihnachten.<\/h4>\n<h4><strong>Das zehnte T\u00fcrchen \u2013 10. Dezember 2014<\/strong><\/h4>\n<p><a href=\"http:\/\/www.cala-kocht.de\/wp-content\/uploads\/2014\/01\/140115_Zitrusfru\u0308chte.jpg\"><img loading=\"lazy\" decoding=\"async\" class=\"alignnone size-full wp-image-3432\" alt=\"140115_Zitrusfru\u0308chte\" src=\"http:\/\/www.cala-kocht.de\/wp-content\/uploads\/2014\/01\/140115_Zitrusfru\u0308chte.jpg\" width=\"800\" height=\"534\" srcset=\"https:\/\/www.cala-kocht.de\/wp-content\/uploads\/2014\/01\/140115_Zitrusfru\u0308chte.jpg 800w, https:\/\/www.cala-kocht.de\/wp-content\/uploads\/2014\/01\/140115_Zitrusfru\u0308chte-300x200.jpg 300w\" sizes=\"(max-width: 800px) 100vw, 800px\" \/><\/a><\/p>\n<h4>Ich hoffe, an euch geht die allgemeinen Erk\u00e4ltungs- und Grippewelle vorbei; mich hat es leider erwischt \ud83d\ude41<\/h4>\n<p>Ich ahnte es schon, denn ich bin eigentlich nur noch Kranken begegnet und es h\u00e4tte praktisch schon an ein Wunder gegrenzt, wenn ich davongekommen w\u00e4re. Nun wird sich zeigen, wie schnell mein Immunsystem das kompensiert, ich hoffe, ich bin fit genug&#8230;<\/p>\n<p>Was tut ihr, wenn ihr erk\u00e4ltet seid, oder sich erste Symptome zeigen?<br \/>\nIch schw\u00f6re ja, wie ihr wisst, auf Ingwertee mit Zitrone. Vielleicht erinnern sich einige von euch ja noch an meinen Grippe-Post vom Jahresanfang (hier).<\/p>\n<p>Jetzt brauche ich eure Tipps: wie bekomme ich meinen Schnupfen wieder los?<br \/>\nDen ultimativen Tipp belohne ich mit einem Einkaufgutschein f\u00fcr Cala kocht \ud83d\ude42<\/p>\n<h4><strong>Das neunte T\u00fcrchen \u2013 09. Dezember 2014<\/strong><\/h4>\n<p><a href=\"http:\/\/www.cala-kocht.de\/wp-content\/uploads\/2014\/12\/141209_anis.jpg\"><img loading=\"lazy\" decoding=\"async\" class=\"alignnone size-full wp-image-4190\" alt=\"141209_anis\" src=\"http:\/\/www.cala-kocht.de\/wp-content\/uploads\/2014\/12\/141209_anis.jpg\" width=\"624\" height=\"278\" srcset=\"https:\/\/www.cala-kocht.de\/wp-content\/uploads\/2014\/12\/141209_anis.jpg 304w, https:\/\/www.cala-kocht.de\/wp-content\/uploads\/2014\/12\/141209_anis-300x134.jpg 300w\" sizes=\"(max-width: 624px) 100vw, 624px\" \/><\/a><\/p>\n<p>Habt ihr gemerkt, dass ich gestern geschummelt habe? Bestimmt. Ging aber nicht anderes ,die Zeit war schneller als ich. Irgendwie rast im Moment sowieso alles, ist das bei euch auch so?<\/p>\n<p>Ich hatte ja versprochen, euch noch ein bisschen von den typischen Weihnachtsgew\u00fcrzen zu erz\u00e4hlen.<\/p>\n<p>Auch ein sehr bekanntes Weihnachtsgew\u00fcrz ist <b>Anis<\/b>. Es macht schwere Gerichte besser verdaulich und bildet einen sch\u00f6nen Kontrast zu salzigen Speisen.<\/p>\n<p>Anis kennt man aus zahlreichen internationalen Digestifs wie Pastis, Raki oder Ouzo.<\/p>\n<p>Das \u00e4therische Anis\u00f6l wirkt krampfl\u00f6send in Magen und Darm und ist daher gegen Bl\u00e4hungen hilfreich. Wegen seiner schleiml\u00f6senden Wirkung wird es in der Medizin auch als mildes Erk\u00e4ltungsmittel eingesetzt.<\/p>\n<p>In der Weihnachtszeit ist der s\u00fc\u00dflich-w\u00fcrzige Anis Bestandteil vieler Pl\u00e4tzchenrezepte. Aufgrund seines lakritzartigen Geschmackes passt Anis zu s\u00fc\u00dfen Gerichten, Kompotten und Backwaren, aber auch Gem\u00fcse &#8211; z.B. M\u00f6hren oder Rotkohl &#8211; verleiht Anis eine interessante Note.<\/p>\n<h4>Die \u00e4therischen Anis-\u00d6le verfl\u00fcchtigen sich sehr schnell. Daher sollten die Fr\u00fcchte erst unmittelbar vor dem Gebrauch im M\u00f6rser grob zersto\u00dfen oder in einer M\u00fchle vermahlen werden.<\/h4>\n<p>Tipp: Eine Messerspitze Anis in warmer (Nuss-)Milch soll beim Einschlafen helfen \ud83d\ude09<\/p>\n<h4><b>Das siebte und achte T\u00fcrchen \u2013 07. Und 08. Dezember 2014<\/b><\/h4>\n<p><a href=\"http:\/\/www.cala-kocht.de\/wp-content\/uploads\/2014\/12\/141207_Krampus.jpg\"><img loading=\"lazy\" decoding=\"async\" class=\"alignnone size-full wp-image-4185\" alt=\"SAMSUNG\" src=\"http:\/\/www.cala-kocht.de\/wp-content\/uploads\/2014\/12\/141207_Krampus.jpg\" width=\"800\" height=\"600\" srcset=\"https:\/\/www.cala-kocht.de\/wp-content\/uploads\/2014\/12\/141207_Krampus.jpg 800w, https:\/\/www.cala-kocht.de\/wp-content\/uploads\/2014\/12\/141207_Krampus-300x225.jpg 300w\" sizes=\"(max-width: 800px) 100vw, 800px\" \/><\/a><\/p>\n<h4><\/h4>\n<h4><b><\/b>Nicht nur der Nikolaus, auch der Krampus hat einen festen Platz in meiner Erinnerung. So lange ich denken kann, schickte n\u00e4mlich meine Tante, die wie meine Mutter in der Steiermark aufgewachsen ist und lange in M\u00fcnchen gelebt hat, p\u00fcnktlich zu Nikolaus eine Krampus-Karte. Als Kind fand ich das komisch, habe mir aber keine weiteren Gedanken gemacht. Und als Erwachsene hatte ich mich so sehr daran gew\u00f6hnt, dass ich das gar nicht mehr hinterfragt habe. Heute fehlen mir diese Karten, von denen ich einige gesammelt und aufbewahrt habe.<\/h4>\n<h4>Aber auch in meinem Fotoalbum habe ich eine Aufnahme von einem Krampus gefunden. Ich habe nicht die leiseste Idee, in welchem Zusammenhang dieses Foto entstanden ist und auch an das Ereignis selbst habe ich \u00fcberhaupt keine Erinnerung. Aber es ist eindeutig da.<\/h4>\n<p>Vorne weg marschiert der Nikolaus (hier, wie wir gelernt haben, in der Bischofs-Tracht), hintendran der Krampus, der \u2013 ihr werdet es nach meinen gestrigen Ausf\u00fchrungen schon ahnen \u2013 die gleiche Funktion hat wie Knecht Ruprecht. Nur ist im Krampus der Teufel noch viel eher zu erkennen. Im Ostalpenraum, Bayern und \u00d6sterrich, aber z.B. auch in S\u00fcdtirol steht er sehr viel st\u00e4rker im Vordergrund als bei uns. Zust\u00e4ndig ist er \u2013 wie Knecht Ruprecht &#8211; \u00a0f\u00fcr die Bestrafung unartiger Kinder. W\u00e4hrend letzterer aber immer einzeln auftritt, k\u00f6nnen die Krampusse auch in regelrechten Horden erscheinen. In vielen St\u00e4dten und D\u00f6rfern Bayerns, \u00d6sterreichs und Ober-Italiens gibt es auch heute noch sog. Krampusumz\u00fcge, bei denen die Gestalten l\u00e4rmend durch die Stra\u00dfen ziehen.<\/p>\n<h4>Der merkw\u00fcrdige Name leitet sich \u00fcbrigens von \u201eKrampen\u201c (mittelhochdeutsch f\u00fcr Kralle) oder \u201eKrampn\u201c (bayerisch f\u00fcr etwas Lebloses oder Vertrocknetes) ab.<\/h4>\n<p><strong><\/strong><b>Das sechste T\u00fcrchen \u2013 06. Dezember 2014<\/b><\/p>\n<p><a href=\"http:\/\/www.cala-kocht.de\/wp-content\/uploads\/2014\/12\/141206_Seni.jpg\"><img loading=\"lazy\" decoding=\"async\" class=\"alignnone size-full wp-image-4160\" alt=\"SAMSUNG\" src=\"http:\/\/www.cala-kocht.de\/wp-content\/uploads\/2014\/12\/141206_Seni.jpg\" width=\"383\" height=\"510\" srcset=\"https:\/\/www.cala-kocht.de\/wp-content\/uploads\/2014\/12\/141206_Seni.jpg 800w, https:\/\/www.cala-kocht.de\/wp-content\/uploads\/2014\/12\/141206_Seni-767x1024.jpg 767w\" sizes=\"(max-width: 383px) 100vw, 383px\" \/><\/a><\/p>\n<p>Na, waren eure Stiefel gut gef\u00fcllt?<\/p>\n<p>Wir hatten einen sehr sch\u00f6nen Morgen, haben uns gegenseitig und auch die Hunde \u00fcberrascht, die beim Wort \u201eNikolaus\u201c inzwischen genau wissen, das etwas f\u00fcr sie vor der T\u00fcr liegt, das sie in auf ihren Platz schleppen und genie\u00dfen d\u00fcrfen \u2013 ist sehr nett zu sehen und straft auch alle L\u00fcgen, die behaupten, Hunde h\u00e4tten ein 2-Sekunden-Ged\u00e4chtnis&#8230;<\/p>\n<p><a href=\"http:\/\/www.cala-kocht.de\/wp-content\/uploads\/2014\/12\/141206_Carmen.jpg\"><img loading=\"lazy\" decoding=\"async\" class=\"alignnone size-full wp-image-4159\" alt=\"SAMSUNG\" src=\"http:\/\/www.cala-kocht.de\/wp-content\/uploads\/2014\/12\/141206_Carmen.jpg\" width=\"637\" height=\"478\" srcset=\"https:\/\/www.cala-kocht.de\/wp-content\/uploads\/2014\/12\/141206_Carmen.jpg 800w, https:\/\/www.cala-kocht.de\/wp-content\/uploads\/2014\/12\/141206_Carmen-300x225.jpg 300w\" sizes=\"(max-width: 637px) 100vw, 637px\" \/><\/a><\/p>\n<p>Nachdem ich gestern die Kindergarten-Geschichte erz\u00e4hlt habe, habe ich mich auch direkt auf die Suche nach dem Foto gemacht und bin tats\u00e4chlich f\u00fcndig geworden: da stehe ich und heule mir die Augen aus&#8230; P\u00e4dagogisch wertvoll auch die Kinderg\u00e4rtnerinnen im Hintergrund. Offenbar gibt es (au\u00dfer f\u00fcr mich) f\u00fcr niemanden einen Grund sich Sorgen zu machen. Die einzige, die ein bisschen betroffen schaut, ist meine Freundin Mirjam. Wenn ich mit heutigem Blick allein auf die Gr\u00f6\u00dfenverh\u00e4ltnisse schaue, gruselt mir arg&#8230; Naja.<\/p>\n<p>Ich habe euch versprochen, ein bisschen \u00fcber den heiligen Nikolaus und sein Pendant, den Krampus zu erz\u00e4hlen.<br \/>\nBeim Schreiben habe ich gemerkt, dass das ein abendf\u00fcllendes Programm ist und beschlossen, den Krampus f\u00fcr morgen aufzusparen und euch heute \u201enur\u201c vom Nikolaus zu berichten.<br \/>\n<b><br \/>\n<\/b>Der heilige Nikolaus, auf den sich unser Brauchtum beruft, lebte im 4. Jahrhundert in Myra, in der heutigen T\u00fcrkei.<br \/>\nEr war gerade in ein Kloster eingetreten als er kurz darauf 310 w\u00e4hrend der Christenverfolgung gefangen genommen wurde. Trotz Folter entsagte er dem christlichen Glauben nicht. Die Legenden erz\u00e4hlen au\u00dferdem, er habe viele Wunder vollbracht. Er soll z.B. armen Familien heimlich Geld gebracht haben, indem er es durch den Kamin in die dort zum Trocknen aufgeh\u00e4ngten Str\u00fcmpfe gesteckt hat &#8211; womit ihr jetzt direkt auch die Erkl\u00e4rung f\u00fcr einen weiteren Weihnachtsbrauch habt. Nikolaus soll aber auch Boote vorm Kentern gerettet und Myra vor eine Hungersnot bewahrt haben. Au\u00dferdem gilt es als Schutzpatron der Reisenden, der Kinder, Schiffer, B\u00e4cker und \u2013 oha oder hoho \u2013 der heiratswilligen M\u00e4dchen.<\/p>\n<p>Im Brauchtum wird er oft begleitet von \u201eKnecht Ruprecht\u201c, einem dunklen Gesellen, manchmal mit geschw\u00e4rztem Gesicht, oft in Lumpen und in Ketten gelegt. Er stellt den gez\u00e4hmten Teufel dar und er ist es auch, der den Kindern Angst machen und sie an ihre \u201eb\u00f6sen\u201c Taten erinnern soll (wie gesagt: p\u00e4dagogisch durchaus fragw\u00fcrdig, wie so manches, aber darum geht es hier ja nicht&#8230;.) Heute sind die beiden oft zu einer Person verschmolzen &#8211; die Reste vom Ruprecht stecken in der Rute, die der Nikolaus bei sich tr\u00e4gt.<\/p>\n<p>Zum Nikolaus-Brauchtum geh\u00f6ren \u00fcbrigens auch die <b>Brat\u00e4pfel: <\/b>Nach dem Besuch vom Nikolaus sitzt man im Idealfall bei Pl\u00e4tzchen, Stollen und Gl\u00fchwein zusammen, w\u00e4hrend die Kinder ihre Geschenke auspacken.<\/p>\n<p>Ich mache meine <b>Brat\u00e4pfel im WECK-Glas<\/b>: Einen s\u00e4uerlichen Apfel waschen, Kerngeh\u00e4use ausstechen und mit etwas Zimt (oder der weihnachtlichen Gew\u00fcrzmischung von Pfeffersack &amp; S\u00f6hne) in eine WECK-Glas geben. Ca. 30 Minuten bei 175\u00b0 (Ober- und Unterhitze) im Ofen garen, bis der Apfel aufplatzt und ganz weich wird. Wer m\u00f6chte, kann zus\u00e4tzlich in die \u00d6ffnung vom Kerngeh\u00e4use N\u00fcsse und Rosinen f\u00fcllen. Sehr lecker schmeckt dazu auch das Kaffee-Mandel-\u00d6l von Solling.<\/p>\n<p><strong>Das f\u00fcnfte T\u00fcrchen &#8211; 05. Dezember 2014<\/strong><\/p>\n<p><a href=\"http:\/\/www.cala-kocht.de\/wp-content\/uploads\/2014\/12\/DSC_2343.jpg\"><img loading=\"lazy\" decoding=\"async\" class=\"alignnone size-full wp-image-4157\" alt=\"DSC_2343\" src=\"http:\/\/www.cala-kocht.de\/wp-content\/uploads\/2014\/12\/DSC_2343.jpg\" width=\"800\" height=\"534\" srcset=\"https:\/\/www.cala-kocht.de\/wp-content\/uploads\/2014\/12\/DSC_2343.jpg 800w, https:\/\/www.cala-kocht.de\/wp-content\/uploads\/2014\/12\/DSC_2343-300x200.jpg 300w\" sizes=\"(max-width: 800px) 100vw, 800px\" \/><\/a><\/p>\n<p>Heute Abend stellen nicht nur viele Kinder, sondern auch einige Erwachsene ihre (geputzten!) Stiefel vor die T\u00fcr. Das Fest des heiligen Nikolaus ist ein fester Bestandteil der Vorweihnachtszeit. Bereits im 6. Jahrhundert begann die Verehrung des Heiligen in der griechischen Kirche und fand ab dem 8. Jahrhundert dann Verbreitung in Mittel- und S\u00fcdeuropa.<\/p>\n<p>Seit dem 16. Jahrhundert ist Nikolaus auch als \u00dcberbringer von Geschenken f\u00fcr die Kinder belegt. Noch heute stellen sie deshalb \u2013 meist am Abend des 05.12., mancherorts aber auch erst am Abend des Nikolaustages &#8211; ihre frischgeputzten Stiefel vor die T\u00fcr und warten darauf, dass der Nikolaus sie mit S\u00fc\u00dfigkeiten, Fr\u00fcchten, N\u00fcssen und kleinen Geschenken f\u00fcllt.<\/p>\n<p>Wenn er pers\u00f6nlich erscheint, hat er manchmal auch einen Begleiter im Bischofsgewand, mit langem wei\u00dfen Bart, Bischofsm\u00fctze und Bischofsstab dabei. Dann spricht er Lob oder Tadel aus und \u00fcberreicht den Kindern ihre Geschenke.<\/p>\n<p>Von mir selbst gibt es dazu eine nette Geschichte aus dem Kindergarten- Ich man muss dazusagen, dass ich ein ziemlich braves und auch sehr sch\u00fcchternes Kind war. Ausgerechnet mich hatte sich der Nikolaus dann rausgepickt um ein (ihm nat\u00fcrlich v\u00f6llig unbekanntes) Kind vor der Gruppe exemplarisch zu tadeln. Der Schuss ging m\u00e4chtig nach hinten los, denn statt mich zu beeindrucken, hat mich das ganz Theater so erschreckt, dass ich Rotz und Wasser heulte und gar nicht mehr zu beruhigen war \u2013 es gibt sogar noch ein Foto davon&#8230;<\/p>\n<p>Wer der \u201eechte\u201c Nikolaus war und was ihn vom \u201eKrampus\u201c unterscheidet, erz\u00e4hle ich euch morgen.<strong><br \/>\n<\/strong><\/p>\n<p><a href=\"http:\/\/www.cala-kocht.de\/wp-content\/uploads\/2014\/12\/141204_nelke.jpg\"><img loading=\"lazy\" decoding=\"async\" class=\"alignnone size-full wp-image-4154\" alt=\"141204_nelke\" src=\"http:\/\/www.cala-kocht.de\/wp-content\/uploads\/2014\/12\/141204_nelke.jpg\" width=\"646\" height=\"189\" srcset=\"https:\/\/www.cala-kocht.de\/wp-content\/uploads\/2014\/12\/141204_nelke.jpg 419w, https:\/\/www.cala-kocht.de\/wp-content\/uploads\/2014\/12\/141204_nelke-300x88.jpg 300w\" sizes=\"(max-width: 646px) 100vw, 646px\" \/><\/a><\/p>\n<p><b>Das vierte T\u00fcrchen \u2013 04. Dezember 2014<\/b><\/p>\n<p>Oh, das war nett! Vielen lieben Dank f\u00fcr eure s\u00fc\u00dfen Mails und die Geschichten \u00fcber eure Lieblingsgew\u00fcrze. Tats\u00e4chlich m\u00f6gen auch die meisten von euch am liebsten Zimt \u2013 so auch Edith aus Niersbach, die das kleine Gew\u00fcrzb\u00fcchlein gewonnen hat. Allen anderen sorry \u2013 vielleicht klappt es ja bei der n\u00e4chsten Verlosung!<\/p>\n<p>Inzwischen habe ich solche Lust auf Gew\u00fcrze bekommen, dass ich gestern Abend einen sehr leckeren Gew\u00fcrzkuchen nach einem Rezept <a href=\"http:\/\/cala-kocht.de\/shop\/index.php?page=product&amp;info=905&amp;xc7627=749ed74158bd0fc7dab4005512e8cb69\">aus diesem (tollen!) Kochbuch<\/a> gebacken haben \u2013 allerdings in einer glutenfreien Version mit Teff- und Buchweizenmehl. Ich bin dabei, das Rezept f\u00fcr den Blog aufzubereiten und habe auch schon Fotos gemacht.<\/p>\n<p>In diesem Zusammenhang sind wir bei einem Gew\u00fcrz, das ich selber sehr mag, n\u00e4mlich die Gew\u00fcrznelke. Sie hat nichts mit den gleichnamigen Blumen zu tun, vielmehr handelt es sich um die getrockneten Knospen des Nelkenbaums. Mit ihrem intensiven brennend-s\u00fc\u00dfen Aroma sind unglaublich vielseitig. Sie hat einen intensiven Duft und einen starken Eigengeschmack und sollte deshalb nur sparsam verwendet werden. Die Gew\u00fcrznelke geh\u00f6ren zu den typischen Gew\u00fcrzen in Punsch und Gl\u00fchwein, bereichert aber auch viele Pl\u00e4tzchen und anderes Weihnachtsgeb\u00e4ck. <strong><\/strong><\/p>\n<p><strong>Gew\u00fcrznelken enthalten <\/strong>Eugenol, ein \u00e4therisches \u00d6l, das schmerzstillend und desinfizierend wirkt. Es kommt deshalb sogar in der Zahnheilkunde zum Einsatz. Manchmal wird sogar empfohlen, bei Zahnschmerzen eine Gew\u00fcrznelke in die Backentasche zu nehmen. Auch auf den Magen-Darm-Trakt wirken Nelken beruhigend.<\/p>\n<p>Vielleicht ist das folgende Rezept eine nette Anregung f\u00fcr ein weihnachtliches Dessert?<\/p>\n<p><b>Birnenkompott mit Gew\u00fcrznelke:<br \/>\n<\/b>Birne halbieren, eine H\u00e4lfte in W\u00fcrfel oder Scheiben schneiden. Mit 300ml Wasser aufsetzen und zum Kochen bringen. Prise Salz, 2-3 Cardamomkapseln, 4-5 Zimtbl\u00fcten und 1 Nelke hinzugeben. Aufkochen ca. 1 Stunde bei kleinstm\u00f6glicher Hitze k\u00f6cheln lassen. Abschalten und \u00fcber Nacht stehen lassen. Abseihen, dann den Gew\u00fcrzsud bei kleiner Hitze auf die H\u00e4lfte einkochen. Zweite Birnenh\u00e4lfte in kleine W\u00fcrfel schneiden und im Gew\u00fcrzsud erhitzen. Abschalten und ziehen lassen. Vorm Servieren noch einmal kurz erhitzen.<\/p>\n<p><strong>Das 3. T\u00fcrchen &#8211; 03.12.2014<\/strong><\/p>\n<p><img loading=\"lazy\" decoding=\"async\" alt=\"Bettina Matthaei &quot;Gew\u00fcrze von A-Z&quot;\" src=\"http:\/\/cala-kocht.de\/shop\/media\/images\/info\/Gewuerze_AZ.jpg\" width=\"200\" height=\"200\" \/><\/p>\n<p>&nbsp;<\/p>\n<style><!--\n\/* Font Definitions *\/\n@font-face\n\t{font-family:Times;\n\tpanose-1:2 0 5 0 0 0 0 0 0 0;\n\tmso-font-charset:0;\n\tmso-generic-font-family:auto;\n\tmso-font-pitch:variable;\n\tmso-font-signature:3 0 0 0 1 0;}\n@font-face\n\t{font-family:\"\uff2d\uff33 \u660e\u671d\";\n\tpanose-1:0 0 0 0 0 0 0 0 0 0;\n\tmso-font-charset:128;\n\tmso-generic-font-family:roman;\n\tmso-font-format:other;\n\tmso-font-pitch:fixed;\n\tmso-font-signature:1 134676480 16 0 131072 0;}\n@font-face\n\t{font-family:\"\uff2d\uff33 \u660e\u671d\";\n\tpanose-1:0 0 0 0 0 0 0 0 0 0;\n\tmso-font-charset:128;\n\tmso-generic-font-family:roman;\n\tmso-font-format:other;\n\tmso-font-pitch:fixed;\n\tmso-font-signature:1 134676480 16 0 131072 0;}\n@font-face\n\t{font-family:Cambria;\n\tpanose-1:2 4 5 3 5 4 6 3 2 4;\n\tmso-font-charset:0;\n\tmso-generic-font-family:auto;\n\tmso-font-pitch:variable;\n\tmso-font-signature:3 0 0 0 1 0;}\n \/* Style Definitions *\/\np.MsoNormal, li.MsoNormal, div.MsoNormal\n\t{mso-style-unhide:no;\n\tmso-style-qformat:yes;\n\tmso-style-parent:\"\";\n\tmargin:0cm;\n\tmargin-bottom:.0001pt;\n\tmso-pagination:widow-orphan;\n\tfont-size:12.0pt;\n\tfont-family:Cambria;\n\tmso-ascii-font-family:Cambria;\n\tmso-ascii-theme-font:minor-latin;\n\tmso-fareast-font-family:\"\uff2d\uff33 \u660e\u671d\";\n\tmso-fareast-theme-font:minor-fareast;\n\tmso-hansi-font-family:Cambria;\n\tmso-hansi-theme-font:minor-latin;\n\tmso-bidi-font-family:\"Times New Roman\";\n\tmso-bidi-theme-font:minor-bidi;}\na:link, span.MsoHyperlink\n\t{mso-style-priority:99;\n\tcolor:blue;\n\tmso-themecolor:hyperlink;\n\ttext-decoration:underline;\n\ttext-underline:single;}\na:visited, span.MsoHyperlinkFollowed\n\t{mso-style-noshow:yes;\n\tmso-style-priority:99;\n\tcolor:purple;\n\tmso-themecolor:followedhyperlink;\n\ttext-decoration:underline;\n\ttext-underline:single;}\np\n\t{mso-style-priority:99;\n\tmso-margin-top-alt:auto;\n\tmargin-right:0cm;\n\tmso-margin-bottom-alt:auto;\n\tmargin-left:0cm;\n\tmso-pagination:widow-orphan;\n\tfont-size:10.0pt;\n\tfont-family:Times;\n\tmso-fareast-font-family:\"\uff2d\uff33 \u660e\u671d\";\n\tmso-fareast-theme-font:minor-fareast;\n\tmso-bidi-font-family:\"Times New Roman\";}\n.MsoChpDefault\n\t{mso-style-type:export-only;\n\tmso-default-props:yes;\n\tfont-family:Cambria;\n\tmso-ascii-font-family:Cambria;\n\tmso-ascii-theme-font:minor-latin;\n\tmso-fareast-font-family:\"\uff2d\uff33 \u660e\u671d\";\n\tmso-fareast-theme-font:minor-fareast;\n\tmso-hansi-font-family:Cambria;\n\tmso-hansi-theme-font:minor-latin;\n\tmso-bidi-font-family:\"Times New Roman\";\n\tmso-bidi-theme-font:minor-bidi;}\n@page WordSection1\n\t{size:612.0pt 792.0pt;\n\tmargin:70.85pt 70.85pt 2.0cm 70.85pt;\n\tmso-header-margin:36.0pt;\n\tmso-footer-margin:36.0pt;\n\tmso-paper-source:0;}\ndiv.WordSection1\n\t{page:WordSection1;}\n--><\/style>\n<p>So, jetzt groove ich mich langsam ein. Zu den Weihnachtsgew\u00fcrzen erfahrt ihr demn\u00e4chst noch mehr.<\/p>\n<p>Heute m\u00f6chte ich euch aber erst mal mit einer Verlosung \u00fcberraschen. Aus dem GU-Verlag kommt passend zum Thema dieses sch\u00f6ne B\u00fcchlein. Die Autorin ist eine ganz gro\u00dfe Gew\u00fcrzkennerin und hat auch <a href=\"http:\/\/cala-kocht.de\/shop\/index.php?page=product&amp;info=787\">das gro\u00dfe Buch der Gew\u00fcrze<\/a> verfasst, das eines meiner Lieblings(koch)-B\u00fccher ist. Hier in einer handlichen, kleinen Ausgabe zum schnellen Nachschlagen.<\/p>\n<p>Wenn du die &#8222;Gew\u00fcrze von A-Z&#8220; gewinnen m\u00f6chtest, schicke eine E-Mail an <a href=\"mailto:info@cala-kocht.de\">info@cala-kocht.de<\/a> und verrate mir, welches dein pers\u00f6nliches Lieblingsgew\u00fcrz ist. Du hast bist heute Nacht, 03.12. um 24 Uhr Zeit, mit deiner Mail in den Lostopf zu h\u00fcpfen. Mit deiner Beteiligung erkl\u00e4rst du dich gleichzeitig damit einverstanden, dass ich auf dem Blog deinen Vornamen nennen darf, fals du der\/die gl\u00fcckliche Gewinner(in) bist.<\/p>\n<p>Viel Gl\u00fcck!<\/p>\n<p><strong>Das 2. T\u00fcrchen &#8211; 02.12.2014<\/strong><\/p>\n<p><a href=\"http:\/\/www.cala-kocht.de\/wp-content\/uploads\/2014\/12\/DSC_1846.jpg\"><img loading=\"lazy\" decoding=\"async\" class=\"alignnone size-full wp-image-4149\" alt=\"DSC_1846\" src=\"http:\/\/www.cala-kocht.de\/wp-content\/uploads\/2014\/12\/DSC_1846.jpg\" width=\"800\" height=\"534\" srcset=\"https:\/\/www.cala-kocht.de\/wp-content\/uploads\/2014\/12\/DSC_1846.jpg 800w, https:\/\/www.cala-kocht.de\/wp-content\/uploads\/2014\/12\/DSC_1846-300x200.jpg 300w\" sizes=\"(max-width: 800px) 100vw, 800px\" \/><\/a><\/p>\n<p>Wusstet ihr, dass die typischen Weihnachtsgew\u00fcrze nicht nur Kindheitserinnerungen und heimelige Gef\u00fchle ausl\u00f6sen, sondern auch dem K\u00f6rper guttun?<\/p>\n<p>Zimt, Kardamon und Koriander sorgen nicht nur f\u00fcr Weihnachtsstimmung und verleihen Pl\u00e4tzchen, Lebkuchen, Brat\u00e4pfeln oder\u00a0Gl\u00fchwein ihren typischen Geschmack, sie wirken sich auch positiv auf unsere Gesundheit aus.<\/p>\n<p><b>Zimt <\/b>zum Beispiel, das mit Abstand bekannteste und beliebteste aller Weihnachtsgew\u00fcrze, enth\u00e4lt \u00e4therische \u00d6le, die antibakteriell, entz\u00fcndungshemmend und krampfl\u00f6send wirken. In manchen Quellen hei\u00dft es sogar, dass sie sich positiv auf den Blutzuckerspiegel auswirken k\u00f6nnen.<\/p>\n<p>Wer regelm\u00e4\u00dfig Zimt isst, sollte jedoch auch wissen, dass er einen problematischen Stoff enth\u00e4lt, das so genannte Cumarin. Das ist ein Aromastoff, der der Leber Sch\u00e4den zuf\u00fcgen kann. Empfindliche Menschen k\u00f6nnen bereits auf kleine Mengen reagieren. <span style=\"text-decoration: underline;\">Cassia-Zimt<\/span> enth\u00e4lt mit ca. 3.000 mg\/kg sehr viel mehr Cumarin als <span style=\"text-decoration: underline;\">Ceylon-Zimt<\/span> ( ca. 300. mg\/kg). Deshalb sollte man nach M\u00f6glichkeit Cylon-Zimt verwenden und mit Cassia-Zimt sparsam sein.<\/p>\n<p>Noch ein bisschen lieber als Zimt (also die Rinde) mag ich \u00fcbrigens die <b>Zimtbl\u00fcte<\/b>, die es allerdings ausschlie\u00dflich bei der<b> <\/b>Zimtkassie (also der Sorte mit dem h\u00f6heren Cumarin-Gehalt) gibt. Zimtbl\u00fcten haben das typische intensive Zimtaroma, sind aber deutlich s\u00fc\u00dfer als Zimt und kr\u00e4ftig scharf. Sie lassen sich an Stelle der Zimtstangen verwenden und geben den Gerichten \u2013 egal ob s\u00fc\u00df oder herzhaft \u2013 eine ganz besondere, exotische Note.<\/p>\n<p>Probiert doch mal <b>Butternussk\u00fcrbis mit Zimtbl\u00fcte<\/b>: K\u00fcrbis sch\u00e4len, in W\u00fcrfel schneiden und in eine feuerfeste Form geben. Mit Oliven\u00f6l, Ahornsirup, gemahlener Zimtbl\u00fcten und Meersalz w\u00fcrzen, dann gut mischen (am besten mit den H\u00e4nden).<br \/>\nIm Ofen bei 175\u00b0 ca. 30-45 min backen, bis der K\u00fcrbis weich ist. Auf Wunsch mit schwarzem Pfeffer servieren.<\/p>\n<p>______________________________________________________________<\/p>\n<p><strong>Das 1. T\u00fcrchen &#8211; 01.12.2014<\/strong><\/p>\n<p><a href=\"http:\/\/www.cala-kocht.de\/wp-content\/uploads\/2014\/12\/141125_Chroma_Traveller.jpg\"><img loading=\"lazy\" decoding=\"async\" class=\"alignnone size-full wp-image-4143\" alt=\"141125_Chroma_Traveller\" src=\"http:\/\/www.cala-kocht.de\/wp-content\/uploads\/2014\/12\/141125_Chroma_Traveller.jpg\" width=\"208\" height=\"240\" \/><\/a><\/p>\n<p>Hinter dem ersten T\u00fcrchen verbirgt sich ein ganz besonderer Geschenktipp.<br \/>\nDie Leser unseres Newsletters haben es gestern zuerst erfahren und die Resonanz war wie erwartet gro\u00df. Gerade passend zu Weihnachtszeit ist n\u00e4mlich die &#8222;Mini-CHROMA&#8220; radikal reduziert worden. Das hat zwar einen unsch\u00f6nen Grund (die M\u00fchle wird leider aus dem Sortiment genommen), hat f\u00fcr euch aber den Vorteil, dass ihr zu einem gro\u00dfartigen Preis jetzt dieses Sahneteil abstauben k\u00f6nnt und (euch selbst oder euren Lieben) ein tolles Geschenk machen k\u00f6nnt.<\/p>\n<p>Statt 129,00 \u20ac kostet der &#8222;Chroma Titanium Gew\u00fcrzschneider TRAVELLER Wenge&#8220;, wie das gute St\u00fcck offiziell hei\u00dft, jetzt <span style=\"text-decoration: underline;\">nur noch 49,00 \u20ac<\/span>.<\/p>\n<p>Versandkostenfrei zu bestellen per Mail (info@cala-kocht.de) oder bei uns im <a href=\"http:\/\/cala-kocht.de\/shop\/index.php?page=product&amp;info=217\">Shop<\/a> &#8211; solange der Vorrat reicht und wir nachordern k\u00f6nnen.<\/p>\n<p>Detaillierte Infos zur M\u00fchle findet ihr ebenfalls bei uns im Shop (<a href=\"http:\/\/cala-kocht.de\/shop\/index.php?page=product&amp;info=217\">hier<\/a>).<\/p>\n<p>Viel Spa\u00df beim Verschenken und liebe Gr\u00fc\u00dfe<br \/>\neure<br \/>\nCala<\/p>\n<p>&nbsp;<\/p>\n","protected":false},"excerpt":{"rendered":"<p>Eigentlich&#8230;. Ja, eigentlich wollte ich euch in der Adventszeit mit einen ganz ausget\u00fcftelten Adventskalender begleiten&#8230; aber &#8230; naja: es ist einfach dieses und jenes dazwischengekommen, anderes hat nicht so geklappt wie gew\u00fcnscht, dann bin ich ein paarmal in Sackgassen gelandet und musste von vorne abfangen, kurz: ich bin mit meinen Vorbereitung nicht besonders weit gekommen. Kein Grund jedoch, das &#8222;Projekt&#8220; ganz aufzugeben. Statt dessen gibt es jetzt halt einfach einen &#8222;mitwachsenden&#8220; Post, einen Adventskalender, der jeden Tag ein St\u00fcckchen &#8222;w\u00e4chst&#8220;. Allerdings m\u00fcsst ihr daf\u00fcr diesen Post in den n\u00e4chten Tagen immer wieder aufrufen &#8211; das kriegt ihr hin, oder? vierundzwanzigstes T\u00fcrchen &#8211; 24. Dezember 2014 Wir kommen gerade vom Einkaufen &#8211; heute gibt es bei uns ein veganes Fondue &#8211; wir freuen uns schon! Ein bisschen muss noch aufger\u00e4umt und sortiert werden, aber wir sind schon sehr entspannt und gehen es in aller Ruhe an. Erinnert ihr euch? Im letzten Jahr haben wir Weihnachten in S\u00fcdtirol verbracht (hier und hier), bevor sich mit der Umstellung auf die vegane Ern\u00e4hrung 2014 f\u00fcr uns ganz viel ver\u00e4ndert &hellip;<\/p>\n","protected":false},"author":3,"featured_media":0,"comment_status":"open","ping_status":"open","sticky":false,"template":"","format":"standard","meta":{"jetpack_post_was_ever_published":false,"_jetpack_newsletter_access":"","_jetpack_dont_email_post_to_subs":false,"_jetpack_newsletter_tier_id":0,"footnotes":"","jetpack_publicize_message":"","jetpack_publicize_feature_enabled":true,"jetpack_social_post_already_shared":false,"jetpack_social_options":{"image_generator_settings":{"template":"highway","enabled":false}}},"categories":[1],"tags":[],"jetpack_publicize_connections":[],"jetpack_featured_media_url":"","jetpack_sharing_enabled":true,"jetpack_shortlink":"https:\/\/wp.me\/p5wr8k-14O","_links":{"self":[{"href":"https:\/\/www.cala-kocht.de\/index.php?rest_route=\/wp\/v2\/posts\/4142"}],"collection":[{"href":"https:\/\/www.cala-kocht.de\/index.php?rest_route=\/wp\/v2\/posts"}],"about":[{"href":"https:\/\/www.cala-kocht.de\/index.php?rest_route=\/wp\/v2\/types\/post"}],"author":[{"embeddable":true,"href":"https:\/\/www.cala-kocht.de\/index.php?rest_route=\/wp\/v2\/users\/3"}],"replies":[{"embeddable":true,"href":"https:\/\/www.cala-kocht.de\/index.php?rest_route=%2Fwp%2Fv2%2Fcomments&post=4142"}],"version-history":[{"count":39,"href":"https:\/\/www.cala-kocht.de\/index.php?rest_route=\/wp\/v2\/posts\/4142\/revisions"}],"predecessor-version":[{"id":4237,"href":"https:\/\/www.cala-kocht.de\/index.php?rest_route=\/wp\/v2\/posts\/4142\/revisions\/4237"}],"wp:attachment":[{"href":"https:\/\/www.cala-kocht.de\/index.php?rest_route=%2Fwp%2Fv2%2Fmedia&parent=4142"}],"wp:term":[{"taxonomy":"category","embeddable":true,"href":"https:\/\/www.cala-kocht.de\/index.php?rest_route=%2Fwp%2Fv2%2Fcategories&post=4142"},{"taxonomy":"post_tag","embeddable":true,"href":"https:\/\/www.cala-kocht.de\/index.php?rest_route=%2Fwp%2Fv2%2Ftags&post=4142"}],"curies":[{"name":"wp","href":"https:\/\/api.w.org\/{rel}","templated":true}]}}